{"id":17284,"date":"2014-10-10T15:48:13","date_gmt":"2014-10-10T14:48:13","guid":{"rendered":"https:\/\/blogs.fu-berlin.de\/bibliotheken\/?p=17284"},"modified":"2021-09-16T11:23:34","modified_gmt":"2021-09-16T10:23:34","slug":"ttip-verhandlungsmandat-oeffentlich-einsehbar","status":"publish","type":"post","link":"https:\/\/blogs.fu-berlin.de\/bibliotheken\/2014\/10\/10\/ttip-verhandlungsmandat-oeffentlich-einsehbar\/","title":{"rendered":"TTIP-Verhandlungsmandat \u00f6ffentlich einsehbar"},"content":{"rendered":"\n<p><em><span class=\"has-inline-color has-bright-red-color\">Der Betrieb des \u201eDokumentationszentrums UN \u2013 EU\u201c wird eingestellt. Die entsprechende Literatur bleibt im Bestand und ist weiterhin zug\u00e4nglich.<\/span><\/em><\/p>\n\n\n<p>Die EU hat dem \u00f6ffentlichen Druck nachgegeben und das <a href=\"https:\/\/blogs.fu-berlin.de\/bibliotheken\/files\/2014\/10\/ST_11103_2013_DCL_1_EN.pdf\">TTIP-Verhandlungsmandat<\/a> \u00f6ffentlich zug\u00e4nglich gemacht.<br>\nDas Dokumentationszentrum Vereinte Nationen &#8211; Europ\u00e4ische Union an der Universit\u00e4tsbibliothek plant f\u00fcr Ende Oktober gemeinsam mit der Deutschen Gesellschaft e.V. und der Europa-Union Berlin e.V. eine Informationsveranstaltung zum Thema TTIP an der FU.<br>\nDie Veranstaltung wird demn\u00e4chst u.a. \u00fcber den BIBLIOBLOG bekannt gegeben.<br>\nWeitere Informationen erhalten Sie im <a href=\"https:\/\/www.ub.fu-berlin.de\/bibliothek\/uneu\/\">Dokumentationszentrum UN-EU<\/a><\/p>","protected":false},"excerpt":{"rendered":"<p>Der Betrieb des \u201eDokumentationszentrums UN \u2013 EU\u201c wird eingestellt. Die entsprechende Literatur bleibt im Bestand und ist weiterhin zug\u00e4nglich. Die EU hat dem \u00f6ffentlichen Druck nachgegeben und das TTIP-Verhandlungsmandat \u00f6ffentlich zug\u00e4nglich gemacht. Das Dokumentationszentrum Vereinte Nationen &#8211; Europ\u00e4ische Union an der Universit\u00e4tsbibliothek plant f\u00fcr Ende Oktober gemeinsam mit der Deutschen Gesellschaft e.V. und der Europa-Union &hellip; <a href=\"https:\/\/blogs.fu-berlin.de\/bibliotheken\/2014\/10\/10\/ttip-verhandlungsmandat-oeffentlich-einsehbar\/\" class=\"more-link\"><span class=\"screen-reader-text\">\u201eTTIP-Verhandlungsmandat \u00f6ffentlich einsehbar\u201c<\/span> weiterlesen<\/a><\/p>\n","protected":false},"author":877,"featured_media":0,"comment_status":"open","ping_status":"open","sticky":false,"template":"","format":"standard","meta":{"footnotes":""},"categories":[9],"tags":[2458,18608,18607],"class_list":["post-17284","post","type-post","status-publish","format-standard","hentry","category-allgemein","tag-dokumentationszentrum-un-eu","tag-handelsabkommen-usa-eu","tag-ttip"],"_links":{"self":[{"href":"https:\/\/blogs.fu-berlin.de\/bibliotheken\/wp-json\/wp\/v2\/posts\/17284","targetHints":{"allow":["GET"]}}],"collection":[{"href":"https:\/\/blogs.fu-berlin.de\/bibliotheken\/wp-json\/wp\/v2\/posts"}],"about":[{"href":"https:\/\/blogs.fu-berlin.de\/bibliotheken\/wp-json\/wp\/v2\/types\/post"}],"author":[{"embeddable":true,"href":"https:\/\/blogs.fu-berlin.de\/bibliotheken\/wp-json\/wp\/v2\/users\/877"}],"replies":[{"embeddable":true,"href":"https:\/\/blogs.fu-berlin.de\/bibliotheken\/wp-json\/wp\/v2\/comments?post=17284"}],"version-history":[{"count":6,"href":"https:\/\/blogs.fu-berlin.de\/bibliotheken\/wp-json\/wp\/v2\/posts\/17284\/revisions"}],"predecessor-version":[{"id":29565,"href":"https:\/\/blogs.fu-berlin.de\/bibliotheken\/wp-json\/wp\/v2\/posts\/17284\/revisions\/29565"}],"wp:attachment":[{"href":"https:\/\/blogs.fu-berlin.de\/bibliotheken\/wp-json\/wp\/v2\/media?parent=17284"}],"wp:term":[{"taxonomy":"category","embeddable":true,"href":"https:\/\/blogs.fu-berlin.de\/bibliotheken\/wp-json\/wp\/v2\/categories?post=17284"},{"taxonomy":"post_tag","embeddable":true,"href":"https:\/\/blogs.fu-berlin.de\/bibliotheken\/wp-json\/wp\/v2\/tags?post=17284"}],"curies":[{"name":"wp","href":"https:\/\/api.w.org\/{rel}","templated":true}]}}