{"id":17298,"date":"2014-10-17T14:37:54","date_gmt":"2014-10-17T13:37:54","guid":{"rendered":"https:\/\/blogs.fu-berlin.de\/bibliotheken\/?p=17298"},"modified":"2014-10-17T14:39:17","modified_gmt":"2014-10-17T13:39:17","slug":"link-des-monats-oktober-2014-1914-1918-online","status":"publish","type":"post","link":"https:\/\/blogs.fu-berlin.de\/bibliotheken\/2014\/10\/17\/link-des-monats-oktober-2014-1914-1918-online\/","title":{"rendered":"Link des Monats Oktober 2014: 1914-1918-online"},"content":{"rendered":"<p><img loading=\"lazy\" decoding=\"async\" src=\"https:\/\/blogs.fu-berlin.de\/bibliotheken\/files\/2014\/10\/Datenbank_1914_1918_online1.png\" alt=\"Datenbank_1914_1918_online\" width=\"387\" height=\"128\" class=\"alignright size-full wp-image-17301\" srcset=\"https:\/\/blogs.fu-berlin.de\/bibliotheken\/files\/2014\/10\/Datenbank_1914_1918_online1.png 387w, https:\/\/blogs.fu-berlin.de\/bibliotheken\/files\/2014\/10\/Datenbank_1914_1918_online1-300x99.png 300w\" sizes=\"auto, (max-width: 387px) 85vw, 387px\" \/>Unser Link des Monats  ist die <a href=\"https:\/\/encyclopedia.1914-1918-online.net\/home\/\" target=\"_blank\">\u201e1914-1918-online. International Encyclopedia of the First World War\u201c<\/a>, eine umfassende, im Internet frei zug\u00e4ngliche Enzyklop\u00e4die in englischer Sprache \u00fcber den Ersten Weltkrieg.<\/p>\n<p>Am 8. Oktober 2014 wurde das von der Freien Universit\u00e4t Berlin koordinierte und von der Deutschen Forschungsgemeinschaft finanzierte Projekt \u201e1914-1918-online&#8220; in Br\u00fcssel der \u00d6ffentlichkeit pr\u00e4sentiert und die Enzyklop\u00e4die freigeschaltet.<\/p>\n<p>Das Nachschlagewerk wurde in die <a href=\"https:\/\/digibib.fu-berlin.de\" target=\"_blank\">Digitale Bibliothek<\/a> aufgenommen.<\/p>\n","protected":false},"excerpt":{"rendered":"<p>Unser Link des Monats ist die \u201e1914-1918-online. International Encyclopedia of the First World War\u201c, eine umfassende, im Internet frei zug\u00e4ngliche Enzyklop\u00e4die in englischer Sprache \u00fcber den Ersten Weltkrieg. Am 8. Oktober 2014 wurde das von der Freien Universit\u00e4t Berlin koordinierte und von der Deutschen Forschungsgemeinschaft finanzierte Projekt \u201e1914-1918-online&#8220; in Br\u00fcssel der \u00d6ffentlichkeit pr\u00e4sentiert und die &hellip; <a href=\"https:\/\/blogs.fu-berlin.de\/bibliotheken\/2014\/10\/17\/link-des-monats-oktober-2014-1914-1918-online\/\" class=\"more-link\"><span class=\"screen-reader-text\">\u201eLink des Monats Oktober 2014: 1914-1918-online\u201c<\/span> weiterlesen<\/a><\/p>\n","protected":false},"author":265,"featured_media":0,"comment_status":"open","ping_status":"open","sticky":false,"template":"","format":"standard","meta":{"footnotes":""},"categories":[604],"tags":[10025,631],"class_list":["post-17298","post","type-post","status-publish","format-standard","hentry","category-ins-netz-geschaut","tag-erster-weltkrieg","tag-lexikon"],"_links":{"self":[{"href":"https:\/\/blogs.fu-berlin.de\/bibliotheken\/wp-json\/wp\/v2\/posts\/17298","targetHints":{"allow":["GET"]}}],"collection":[{"href":"https:\/\/blogs.fu-berlin.de\/bibliotheken\/wp-json\/wp\/v2\/posts"}],"about":[{"href":"https:\/\/blogs.fu-berlin.de\/bibliotheken\/wp-json\/wp\/v2\/types\/post"}],"author":[{"embeddable":true,"href":"https:\/\/blogs.fu-berlin.de\/bibliotheken\/wp-json\/wp\/v2\/users\/265"}],"replies":[{"embeddable":true,"href":"https:\/\/blogs.fu-berlin.de\/bibliotheken\/wp-json\/wp\/v2\/comments?post=17298"}],"version-history":[{"count":5,"href":"https:\/\/blogs.fu-berlin.de\/bibliotheken\/wp-json\/wp\/v2\/posts\/17298\/revisions"}],"predecessor-version":[{"id":17311,"href":"https:\/\/blogs.fu-berlin.de\/bibliotheken\/wp-json\/wp\/v2\/posts\/17298\/revisions\/17311"}],"wp:attachment":[{"href":"https:\/\/blogs.fu-berlin.de\/bibliotheken\/wp-json\/wp\/v2\/media?parent=17298"}],"wp:term":[{"taxonomy":"category","embeddable":true,"href":"https:\/\/blogs.fu-berlin.de\/bibliotheken\/wp-json\/wp\/v2\/categories?post=17298"},{"taxonomy":"post_tag","embeddable":true,"href":"https:\/\/blogs.fu-berlin.de\/bibliotheken\/wp-json\/wp\/v2\/tags?post=17298"}],"curies":[{"name":"wp","href":"https:\/\/api.w.org\/{rel}","templated":true}]}}