{"id":17305,"date":"2014-10-17T12:04:28","date_gmt":"2014-10-17T11:04:28","guid":{"rendered":"https:\/\/blogs.fu-berlin.de\/bibliotheken\/?p=17305"},"modified":"2021-09-17T13:02:44","modified_gmt":"2021-09-17T12:02:44","slug":"wandel-durch-handel-die-debatte-um-ttip","status":"publish","type":"post","link":"https:\/\/blogs.fu-berlin.de\/bibliotheken\/2014\/10\/17\/wandel-durch-handel-die-debatte-um-ttip\/","title":{"rendered":"Wandel durch Handel? Die Debatte um TTIP"},"content":{"rendered":"\n<p><em><span class=\"has-inline-color has-bright-red-color\">Der Betrieb des \u201eDokumentationszentrums UN \u2013 EU\u201c wird eingestellt. Die entsprechende Literatur bleibt im Bestand und ist weiterhin zug\u00e4nglich.<\/span><\/em><\/p>\n\n\n<p>Das geplante Freihandelsabkommen der EU mit den USA (TTIP) wird in der \u00d6ffentlichkeit hei\u00df diskutiert. Auf der Informationsveranstaltung des <a href=\"https:\/\/www.ub.fu-berlin.de\/bibliothek\/uneu\/\">Dokumentationszentrums Vereinte Nationen &#8211; Europ\u00e4ische Union der Freien Universit\u00e4t Berlin<\/a>, der Deutschen Gesellschaft e.V und der Europa-Union Berlin e. V. mit dem Titel &#8222;<strong>Wandel durch Handel? Die Debatte um TTIP<\/strong>&#8220; k\u00f6nnen Sie sich selbst ein Bild machen und den Diskutanten gerne Ihre Fragen stellen.<br>\nOrt: Seminarzentrum der Freien Universit\u00e4t Berlin, Silberlaube (Erdgeschoss), Raum L115 , Otto-von-Simson-Str. 26, 14195 Berlin-Dahlem (U3 Dahlem Dorf)<br>\nZeit: 30.10.2014, 18:30 &#8211; 20:30 Uhr.<span style=\"color: #ff0000\"><br>\n<strong>Neu: Die Veranstaltung wird in den H\u00f6rsaal 1B in der Silberlaube, Otto-von-Simson-Str. 26, 14195 Berlin verlegt!<\/strong><\/span><br>\nEs diskutieren<br>\n<strong>Dr. Martin Beckmann<\/strong>, Ressort 1 \/ Politik und Planung, ver.di Bundesverwaltung<br>\n<strong>Dr. Thilo Bode<\/strong>, Gesch\u00e4ftsf\u00fchrer, foodwatch e.V.<br>\n<strong>Dr. Berend Diekmann<\/strong>, Referatsleiter \u201eUSA, Kanada und Mexiko\u201c, Bundesministerium f\u00fcr Wirtschaft und Energie<br>\n<strong>Freya Lemcke<\/strong>, Leiterin des Referats Handelspolitik, EU-Zollfragen, Transatlantische Beziehungen, Deutscher Industrie- und Handelskammertag (DIHK e.V.) Br\u00fcssel<br>\n<strong>Michael Vollprecht<\/strong>, Referent Wirtschaft und Finanzen, Vertretung der Europ\u00e4ischen Kommission in Deutschland<br>\nModeration: <strong>Prof. Dr. Tanja A. B\u00f6rzel<\/strong>, Inhaberin des Jean Monnet Lehrstuhls und Leiterin der Arbeitsstelle Europ\u00e4ische Integration der Freien Universit\u00e4t Berlin.<\/p>\n<p><a href=\"https:\/\/www.ub.fu-berlin.de\/bibliothek\/uneu\/TIPP_30102014.pdf\">Einladung<\/a><\/p>","protected":false},"excerpt":{"rendered":"<p>Der Betrieb des \u201eDokumentationszentrums UN \u2013 EU\u201c wird eingestellt. Die entsprechende Literatur bleibt im Bestand und ist weiterhin zug\u00e4nglich. Das geplante Freihandelsabkommen der EU mit den USA (TTIP) wird in der \u00d6ffentlichkeit hei\u00df diskutiert. Auf der Informationsveranstaltung des Dokumentationszentrums Vereinte Nationen &#8211; Europ\u00e4ische Union der Freien Universit\u00e4t Berlin, der Deutschen Gesellschaft e.V und der Europa-Union &hellip; <a href=\"https:\/\/blogs.fu-berlin.de\/bibliotheken\/2014\/10\/17\/wandel-durch-handel-die-debatte-um-ttip\/\" class=\"more-link\"><span class=\"screen-reader-text\">\u201eWandel durch Handel? Die Debatte um TTIP\u201c<\/span> weiterlesen<\/a><\/p>\n","protected":false},"author":877,"featured_media":0,"comment_status":"open","ping_status":"open","sticky":false,"template":"","format":"standard","meta":{"footnotes":""},"categories":[9],"tags":[2458,2102],"class_list":["post-17305","post","type-post","status-publish","format-standard","hentry","category-allgemein","tag-dokumentationszentrum-un-eu","tag-veranstaltung"],"_links":{"self":[{"href":"https:\/\/blogs.fu-berlin.de\/bibliotheken\/wp-json\/wp\/v2\/posts\/17305","targetHints":{"allow":["GET"]}}],"collection":[{"href":"https:\/\/blogs.fu-berlin.de\/bibliotheken\/wp-json\/wp\/v2\/posts"}],"about":[{"href":"https:\/\/blogs.fu-berlin.de\/bibliotheken\/wp-json\/wp\/v2\/types\/post"}],"author":[{"embeddable":true,"href":"https:\/\/blogs.fu-berlin.de\/bibliotheken\/wp-json\/wp\/v2\/users\/877"}],"replies":[{"embeddable":true,"href":"https:\/\/blogs.fu-berlin.de\/bibliotheken\/wp-json\/wp\/v2\/comments?post=17305"}],"version-history":[{"count":10,"href":"https:\/\/blogs.fu-berlin.de\/bibliotheken\/wp-json\/wp\/v2\/posts\/17305\/revisions"}],"predecessor-version":[{"id":29739,"href":"https:\/\/blogs.fu-berlin.de\/bibliotheken\/wp-json\/wp\/v2\/posts\/17305\/revisions\/29739"}],"wp:attachment":[{"href":"https:\/\/blogs.fu-berlin.de\/bibliotheken\/wp-json\/wp\/v2\/media?parent=17305"}],"wp:term":[{"taxonomy":"category","embeddable":true,"href":"https:\/\/blogs.fu-berlin.de\/bibliotheken\/wp-json\/wp\/v2\/categories?post=17305"},{"taxonomy":"post_tag","embeddable":true,"href":"https:\/\/blogs.fu-berlin.de\/bibliotheken\/wp-json\/wp\/v2\/tags?post=17305"}],"curies":[{"name":"wp","href":"https:\/\/api.w.org\/{rel}","templated":true}]}}