{"id":17410,"date":"2014-11-14T16:14:12","date_gmt":"2014-11-14T15:14:12","guid":{"rendered":"https:\/\/blogs.fu-berlin.de\/bibliotheken\/?p=17410"},"modified":"2021-09-17T13:02:28","modified_gmt":"2021-09-17T12:02:28","slug":"25-jahre-kinderrechte","status":"publish","type":"post","link":"https:\/\/blogs.fu-berlin.de\/bibliotheken\/2014\/11\/14\/25-jahre-kinderrechte\/","title":{"rendered":"25 Jahre Kinderrechte"},"content":{"rendered":"\n<p><em><span class=\"has-inline-color has-bright-red-color\">Der Betrieb des \u201eDokumentationszentrums UN \u2013 EU\u201c wird eingestellt. Die entsprechende Literatur bleibt im Bestand und ist weiterhin zug\u00e4nglich.<\/span><\/em><\/p>\n\n\n<p><a href=\"https:\/\/blogs.fu-berlin.de\/bibliotheken\/files\/2014\/11\/Plakat_A3_RGB-Ausdruck_Arial-25Jahre-4a.jpg\"><img loading=\"lazy\" decoding=\"async\" src=\"https:\/\/blogs.fu-berlin.de\/bibliotheken\/files\/2014\/11\/Plakat_A3_RGB-Ausdruck_Arial-25Jahre-4a-212x300.jpg\" alt=\"Plakat_A3_RGB-Ausdruck_Arial-25Jahre-4a\" class=\"alignright size-medium wp-image-17414\" width=\"212\" height=\"300\" srcset=\"https:\/\/blogs.fu-berlin.de\/bibliotheken\/files\/2014\/11\/Plakat_A3_RGB-Ausdruck_Arial-25Jahre-4a-212x300.jpg 212w, https:\/\/blogs.fu-berlin.de\/bibliotheken\/files\/2014\/11\/Plakat_A3_RGB-Ausdruck_Arial-25Jahre-4a.jpg 1122w\" sizes=\"auto, (max-width: 212px) 85vw, 212px\" \/><\/a><br>\nAm 20. November 2014 feiert die UN-Kinderrechtskonvention ihren 25. Geburtstag.&nbsp;&nbsp; Zu diesem Anlass zeigt das <a href=\"https:\/\/www.ub.fu-berlin.de\/bibliothek\/uneu\/\">Dokumentationszentrum Vereinte Nationen &#8211; Europ\u00e4ische Union der Freien Universit\u00e4t Berlin<\/a> die Ausstellung<br>\n&#8222;Karikaturen f\u00fcr UNICEF&#8220;.<br>\nDie Ausstellung zeigt eine Auswahl von Karikaturen international bekannter Karikaturisten zu Kinderrechtsverletzungen in aller Welt. <\/p>\n<p>Ort: Informationszentrum der Universi\u00e4tsbibliothek der Freien Universit\u00e4t Berlin<br>\nZeit: 17.11.2014 bis 30.01.2015,&nbsp; 9-20 Uhr.<\/p>","protected":false},"excerpt":{"rendered":"<p>Der Betrieb des \u201eDokumentationszentrums UN \u2013 EU\u201c wird eingestellt. Die entsprechende Literatur bleibt im Bestand und ist weiterhin zug\u00e4nglich. Am 20. November 2014 feiert die UN-Kinderrechtskonvention ihren 25. Geburtstag.&nbsp;&nbsp; Zu diesem Anlass zeigt das Dokumentationszentrum Vereinte Nationen &#8211; Europ\u00e4ische Union der Freien Universit\u00e4t Berlin die Ausstellung &#8222;Karikaturen f\u00fcr UNICEF&#8220;. Die Ausstellung zeigt eine Auswahl von &hellip; <a href=\"https:\/\/blogs.fu-berlin.de\/bibliotheken\/2014\/11\/14\/25-jahre-kinderrechte\/\" class=\"more-link\"><span class=\"screen-reader-text\">\u201e25 Jahre Kinderrechte\u201c<\/span> weiterlesen<\/a><\/p>\n","protected":false},"author":877,"featured_media":0,"comment_status":"open","ping_status":"open","sticky":false,"template":"","format":"standard","meta":{"footnotes":""},"categories":[9],"tags":[2458,24623,24624],"class_list":["post-17410","post","type-post","status-publish","format-standard","hentry","category-allgemein","tag-dokumentationszentrum-un-eu","tag-kinderrechte","tag-unicef"],"_links":{"self":[{"href":"https:\/\/blogs.fu-berlin.de\/bibliotheken\/wp-json\/wp\/v2\/posts\/17410","targetHints":{"allow":["GET"]}}],"collection":[{"href":"https:\/\/blogs.fu-berlin.de\/bibliotheken\/wp-json\/wp\/v2\/posts"}],"about":[{"href":"https:\/\/blogs.fu-berlin.de\/bibliotheken\/wp-json\/wp\/v2\/types\/post"}],"author":[{"embeddable":true,"href":"https:\/\/blogs.fu-berlin.de\/bibliotheken\/wp-json\/wp\/v2\/users\/877"}],"replies":[{"embeddable":true,"href":"https:\/\/blogs.fu-berlin.de\/bibliotheken\/wp-json\/wp\/v2\/comments?post=17410"}],"version-history":[{"count":9,"href":"https:\/\/blogs.fu-berlin.de\/bibliotheken\/wp-json\/wp\/v2\/posts\/17410\/revisions"}],"predecessor-version":[{"id":29737,"href":"https:\/\/blogs.fu-berlin.de\/bibliotheken\/wp-json\/wp\/v2\/posts\/17410\/revisions\/29737"}],"wp:attachment":[{"href":"https:\/\/blogs.fu-berlin.de\/bibliotheken\/wp-json\/wp\/v2\/media?parent=17410"}],"wp:term":[{"taxonomy":"category","embeddable":true,"href":"https:\/\/blogs.fu-berlin.de\/bibliotheken\/wp-json\/wp\/v2\/categories?post=17410"},{"taxonomy":"post_tag","embeddable":true,"href":"https:\/\/blogs.fu-berlin.de\/bibliotheken\/wp-json\/wp\/v2\/tags?post=17410"}],"curies":[{"name":"wp","href":"https:\/\/api.w.org\/{rel}","templated":true}]}}