{"id":17500,"date":"2014-12-09T16:48:12","date_gmt":"2014-12-09T15:48:12","guid":{"rendered":"https:\/\/blogs.fu-berlin.de\/bibliotheken\/?p=17500"},"modified":"2017-09-15T16:47:37","modified_gmt":"2017-09-15T15:47:37","slug":"fernseharchiv-meet-the-press-lizenziert","status":"publish","type":"post","link":"https:\/\/blogs.fu-berlin.de\/bibliotheken\/2014\/12\/09\/fernseharchiv-meet-the-press-lizenziert\/","title":{"rendered":"Fernseharchiv &#8222;Meet the Press&#8220; lizenziert"},"content":{"rendered":"<p><a href=\"https:\/\/vs13.kobv.de\/V?portal=FUBERLIN&amp;institute=FUBERLIN&amp;func=find-db-1-title&amp;mode=titles&amp;azlist=N&amp;scan_utf=&amp;scan_start=meet+press&amp;search_type=contains&amp;restricted=all\"><img loading=\"lazy\" decoding=\"async\" class=\"alignright size-full wp-image-17006\" style=\"border: 1px solid black\" src=\"https:\/\/blogs.fu-berlin.de\/bibliotheken\/files\/2014\/06\/Meet-the-Press.gif\" alt=\"Zur Datenbank &quot;Meet the Press&quot;\" width=\"220\" height=\"97\" \/><\/a>Ab sofort kann dauerhaft \u00fcber das Campusnetz das Fernseharchiv von <a href=\"https:\/\/dbis.ur.de\/detail.php?titel_id=101442&amp;bib_id=fub\">Meet the Press<\/a> genutzt werden.<\/p>\n<p>Die noch im Aufbau befindliche Datenbank von Alexander Street Press bietet gegenw\u00e4rtig \u00fcber 400 Folgen der amerikanischen Polittalksendung <em>Meet the Press<\/em> an. Seit 1947 jeden Sonntagmorgen vom Fernsehsender NBC ausgestrahlt, gilt sie als die am l\u00e4ngsten laufende Fernsehserie in der Geschichte des Fernsehens und wurde mit zwei Peabody Awards ausgezeichnet und f\u00fcr neun Emmys nominiert. In der Sendung stellen sich Politiker oder andere Personen des \u00f6ffentlichen Interesses den Fragen einer wechselnden Runde von Journalisten, darunter vor bzw. nach ihren Pr\u00e4sidentschaften Kennedy, Nixon, Ford, Carter, Reagan, Bush sr., Clinton, Bush jr. und Obama sowie u. a. Fidel Castro, Indira Gandhi, Jesse Jackson, Martin Luther King oder Golda Meir. Von 1991 bis zu dessen Tod im Jahr 2008 wurde <em>Meet the Press<\/em> von Tim Russert moderiert. Unter dessen \u00c4gide stieg das einst\u00fcndige Format zur am besten bewerteten Sonntagmorgen-Talkshow im amerikanischen Fernsehen auf. Gegenw\u00e4rtiger Moderator ist David Gregory.<\/p>\n<p>Die Videos verf\u00fcgen \u00fcber englischsprachige Transkriptionen, die parallel zur Sendung mitlaufen und auch durchsucht werden k\u00f6nnen. Nach einer kostenfreien Registrierung lassen sich Playlists und individuell geschnittene Clips zusammenstellen. Bis Jahreswechsel 2014\/15 soll das Archiv auf fast 1500 Folgen anwachsen.<\/p>\n","protected":false},"excerpt":{"rendered":"<p>Ab sofort kann dauerhaft \u00fcber das Campusnetz das Fernseharchiv von Meet the Press genutzt werden. Die noch im Aufbau befindliche Datenbank von Alexander Street Press bietet gegenw\u00e4rtig \u00fcber 400 Folgen der amerikanischen Polittalksendung Meet the Press an. Seit 1947 jeden Sonntagmorgen vom Fernsehsender NBC ausgestrahlt, gilt sie als die am l\u00e4ngsten laufende Fernsehserie in der &hellip; <a href=\"https:\/\/blogs.fu-berlin.de\/bibliotheken\/2014\/12\/09\/fernseharchiv-meet-the-press-lizenziert\/\" class=\"more-link\"><span class=\"screen-reader-text\">\u201eFernseharchiv &#8222;Meet the Press&#8220; lizenziert\u201c<\/span> weiterlesen<\/a><\/p>\n","protected":false},"author":293,"featured_media":0,"comment_status":"open","ping_status":"open","sticky":false,"template":"","format":"standard","meta":{"footnotes":""},"categories":[457,584805],"tags":[1781,18650,116,18651,527],"class_list":["post-17500","post","type-post","status-publish","format-standard","hentry","category-digitale-bibliothek","category-was-ist-neu","tag-alexander-street-press","tag-fernseharchiv","tag-politik","tag-talkshow","tag-usa"],"_links":{"self":[{"href":"https:\/\/blogs.fu-berlin.de\/bibliotheken\/wp-json\/wp\/v2\/posts\/17500","targetHints":{"allow":["GET"]}}],"collection":[{"href":"https:\/\/blogs.fu-berlin.de\/bibliotheken\/wp-json\/wp\/v2\/posts"}],"about":[{"href":"https:\/\/blogs.fu-berlin.de\/bibliotheken\/wp-json\/wp\/v2\/types\/post"}],"author":[{"embeddable":true,"href":"https:\/\/blogs.fu-berlin.de\/bibliotheken\/wp-json\/wp\/v2\/users\/293"}],"replies":[{"embeddable":true,"href":"https:\/\/blogs.fu-berlin.de\/bibliotheken\/wp-json\/wp\/v2\/comments?post=17500"}],"version-history":[{"count":2,"href":"https:\/\/blogs.fu-berlin.de\/bibliotheken\/wp-json\/wp\/v2\/posts\/17500\/revisions"}],"predecessor-version":[{"id":21628,"href":"https:\/\/blogs.fu-berlin.de\/bibliotheken\/wp-json\/wp\/v2\/posts\/17500\/revisions\/21628"}],"wp:attachment":[{"href":"https:\/\/blogs.fu-berlin.de\/bibliotheken\/wp-json\/wp\/v2\/media?parent=17500"}],"wp:term":[{"taxonomy":"category","embeddable":true,"href":"https:\/\/blogs.fu-berlin.de\/bibliotheken\/wp-json\/wp\/v2\/categories?post=17500"},{"taxonomy":"post_tag","embeddable":true,"href":"https:\/\/blogs.fu-berlin.de\/bibliotheken\/wp-json\/wp\/v2\/tags?post=17500"}],"curies":[{"name":"wp","href":"https:\/\/api.w.org\/{rel}","templated":true}]}}