{"id":17750,"date":"2015-03-11T10:43:28","date_gmt":"2015-03-11T09:43:28","guid":{"rendered":"https:\/\/blogs.fu-berlin.de\/bibliotheken\/?p=17750"},"modified":"2015-03-11T16:19:22","modified_gmt":"2015-03-11T15:19:22","slug":"grimm-zentrum-schliesst-vom-16-bis-zum-29-maerz-2015","status":"publish","type":"post","link":"https:\/\/blogs.fu-berlin.de\/bibliotheken\/2015\/03\/11\/grimm-zentrum-schliesst-vom-16-bis-zum-29-maerz-2015\/","title":{"rendered":"Grimm-Zentrum schlie\u00dft vom 16. bis zum 29. M\u00e4rz 2015"},"content":{"rendered":"<p>Wir m\u00f6chten alle unsere Nutzerinnen und Nutzer auf die <a href=\"https:\/\/www.ub.hu-berlin.de\/shared\/news\/bereiche\/benutzung\/grimm-zentrum-vom-16.-bis-29.-maerz-2015-geschlossen-1\" target=\"_blank\">zweiw\u00f6chige Schlie\u00dfung der Universit\u00e4tsbibliothek der Humboldt-Universit\u00e4t<\/a> Berlin (Grimm-Zentrum) hinweisen.<\/p>\n","protected":false},"excerpt":{"rendered":"<p>Wir m\u00f6chten alle unsere Nutzerinnen und Nutzer auf die zweiw\u00f6chige Schlie\u00dfung der Universit\u00e4tsbibliothek der Humboldt-Universit\u00e4t Berlin (Grimm-Zentrum) hinweisen.<\/p>\n","protected":false},"author":265,"featured_media":0,"comment_status":"open","ping_status":"open","sticky":false,"template":"","format":"standard","meta":{"footnotes":""},"categories":[599],"tags":[775],"class_list":["post-17750","post","type-post","status-publish","format-standard","hentry","category-bibliothekswesen","tag-jacob-und-wilhelm-grimm-zentrum"],"_links":{"self":[{"href":"https:\/\/blogs.fu-berlin.de\/bibliotheken\/wp-json\/wp\/v2\/posts\/17750","targetHints":{"allow":["GET"]}}],"collection":[{"href":"https:\/\/blogs.fu-berlin.de\/bibliotheken\/wp-json\/wp\/v2\/posts"}],"about":[{"href":"https:\/\/blogs.fu-berlin.de\/bibliotheken\/wp-json\/wp\/v2\/types\/post"}],"author":[{"embeddable":true,"href":"https:\/\/blogs.fu-berlin.de\/bibliotheken\/wp-json\/wp\/v2\/users\/265"}],"replies":[{"embeddable":true,"href":"https:\/\/blogs.fu-berlin.de\/bibliotheken\/wp-json\/wp\/v2\/comments?post=17750"}],"version-history":[{"count":2,"href":"https:\/\/blogs.fu-berlin.de\/bibliotheken\/wp-json\/wp\/v2\/posts\/17750\/revisions"}],"predecessor-version":[{"id":17753,"href":"https:\/\/blogs.fu-berlin.de\/bibliotheken\/wp-json\/wp\/v2\/posts\/17750\/revisions\/17753"}],"wp:attachment":[{"href":"https:\/\/blogs.fu-berlin.de\/bibliotheken\/wp-json\/wp\/v2\/media?parent=17750"}],"wp:term":[{"taxonomy":"category","embeddable":true,"href":"https:\/\/blogs.fu-berlin.de\/bibliotheken\/wp-json\/wp\/v2\/categories?post=17750"},{"taxonomy":"post_tag","embeddable":true,"href":"https:\/\/blogs.fu-berlin.de\/bibliotheken\/wp-json\/wp\/v2\/tags?post=17750"}],"curies":[{"name":"wp","href":"https:\/\/api.w.org\/{rel}","templated":true}]}}