{"id":17866,"date":"2015-04-27T15:10:43","date_gmt":"2015-04-27T14:10:43","guid":{"rendered":"https:\/\/blogs.fu-berlin.de\/bibliotheken\/?p=17866"},"modified":"2015-04-27T15:10:43","modified_gmt":"2015-04-27T14:10:43","slug":"lesung-in-der-universitaetsbibliothek-am-13-mai-2015","status":"publish","type":"post","link":"https:\/\/blogs.fu-berlin.de\/bibliotheken\/2015\/04\/27\/lesung-in-der-universitaetsbibliothek-am-13-mai-2015\/","title":{"rendered":"Lesung in der Universit\u00e4tsbibliothek am 13. Mai 2015"},"content":{"rendered":"<p>Am 13. Mai 2015 findet um 20 Uhr die Finissage zur <a href=\"https:\/\/www.ub.fu-berlin.de\/service_neu\/ausstellung\/index.html\" target=\"_blank\">Ausstellung &#8222;Es gibt Menschen, die sterben f\u00fcr B\u00fccher&#8220;<\/a> in Form einer Lesung statt. <\/p>\n<p>Es liest die Schauspielerin In\u00e9s Burdow.<\/p>\n<p>Die Ausstellung entstand in Kooperation mit der Menschenrechtsorganisation Amnesty International. Sie dokumeniert Lebensl\u00e4ufe von Schriftstellerinnen und Schriftstellern, Journalistinnen und Journalisten, die in ihren Heimatl\u00e4ndern verfolgt, verschleppt oder sogar get\u00f6tet wurden.  <\/p>\n<p>Interessierte sind herzlich eingeladen. Der Eintritt ist frei. <\/p>\n","protected":false},"excerpt":{"rendered":"<p>Am 13. Mai 2015 findet um 20 Uhr die Finissage zur Ausstellung &#8222;Es gibt Menschen, die sterben f\u00fcr B\u00fccher&#8220; in Form einer Lesung statt. Es liest die Schauspielerin In\u00e9s Burdow. Die Ausstellung entstand in Kooperation mit der Menschenrechtsorganisation Amnesty International. Sie dokumeniert Lebensl\u00e4ufe von Schriftstellerinnen und Schriftstellern, Journalistinnen und Journalisten, die in ihren Heimatl\u00e4ndern verfolgt, &hellip; <a href=\"https:\/\/blogs.fu-berlin.de\/bibliotheken\/2015\/04\/27\/lesung-in-der-universitaetsbibliothek-am-13-mai-2015\/\" class=\"more-link\"><span class=\"screen-reader-text\">\u201eLesung in der Universit\u00e4tsbibliothek am 13. Mai 2015\u201c<\/span> weiterlesen<\/a><\/p>\n","protected":false},"author":265,"featured_media":0,"comment_status":"open","ping_status":"open","sticky":false,"template":"","format":"standard","meta":{"footnotes":""},"categories":[601,70],"tags":[24664,24665,24663],"class_list":["post-17866","post","type-post","status-publish","format-standard","hentry","category-universitatsbibliothek","category-veranstaltungen","tag-ausstellung-es-gibt-menschen","tag-die-sterben-fuer-buecher","tag-finissage"],"_links":{"self":[{"href":"https:\/\/blogs.fu-berlin.de\/bibliotheken\/wp-json\/wp\/v2\/posts\/17866","targetHints":{"allow":["GET"]}}],"collection":[{"href":"https:\/\/blogs.fu-berlin.de\/bibliotheken\/wp-json\/wp\/v2\/posts"}],"about":[{"href":"https:\/\/blogs.fu-berlin.de\/bibliotheken\/wp-json\/wp\/v2\/types\/post"}],"author":[{"embeddable":true,"href":"https:\/\/blogs.fu-berlin.de\/bibliotheken\/wp-json\/wp\/v2\/users\/265"}],"replies":[{"embeddable":true,"href":"https:\/\/blogs.fu-berlin.de\/bibliotheken\/wp-json\/wp\/v2\/comments?post=17866"}],"version-history":[{"count":2,"href":"https:\/\/blogs.fu-berlin.de\/bibliotheken\/wp-json\/wp\/v2\/posts\/17866\/revisions"}],"predecessor-version":[{"id":17868,"href":"https:\/\/blogs.fu-berlin.de\/bibliotheken\/wp-json\/wp\/v2\/posts\/17866\/revisions\/17868"}],"wp:attachment":[{"href":"https:\/\/blogs.fu-berlin.de\/bibliotheken\/wp-json\/wp\/v2\/media?parent=17866"}],"wp:term":[{"taxonomy":"category","embeddable":true,"href":"https:\/\/blogs.fu-berlin.de\/bibliotheken\/wp-json\/wp\/v2\/categories?post=17866"},{"taxonomy":"post_tag","embeddable":true,"href":"https:\/\/blogs.fu-berlin.de\/bibliotheken\/wp-json\/wp\/v2\/tags?post=17866"}],"curies":[{"name":"wp","href":"https:\/\/api.w.org\/{rel}","templated":true}]}}