{"id":17893,"date":"2015-05-19T18:16:48","date_gmt":"2015-05-19T17:16:48","guid":{"rendered":"https:\/\/blogs.fu-berlin.de\/bibliotheken\/?p=17893"},"modified":"2015-05-20T16:14:34","modified_gmt":"2015-05-20T15:14:34","slug":"neue-gruppenarbeitsraeume-in-der-ub-selbst-reservieren","status":"publish","type":"post","link":"https:\/\/blogs.fu-berlin.de\/bibliotheken\/2015\/05\/19\/neue-gruppenarbeitsraeume-in-der-ub-selbst-reservieren\/","title":{"rendered":"Neue Gruppenarbeitsr\u00e4ume in der UB  selbst reservieren"},"content":{"rendered":"<p>Bereits vor knapp einem Jahr wurde mit den Planungen f\u00fcr den Umbau des Br\u00fcckenraums \u00fcber die Harnackstra\u00dfe im 1. OG der Universit\u00e4tsbibliothek in Gruppenarbeitsr\u00e4ume begonnen, nachdem dort der alte Alphabetische (Zettel-)Katalog entsorgt worden ist. <\/p>\n<p>Ab dem 19. Mai 2015 k\u00f6nnen die R\u00e4ume nun von FU-Studierenden und FU-Besch\u00e4ftigten selbst \u00fcber ein <a href=\"https:\/\/www.ub.fu-berlin.de\/service_neu\/arbeitsplatz\/raumbuchung\/\" target=\"_blank\">Online-System<\/a> gebucht und benutzt werden. <\/p>\n<p><strong>4 Gruppenarbeitsr\u00e4ume mit Smartboards<\/strong><\/p>\n<figure style=\"width: 300px\" class=\"wp-caption alignright\"><img loading=\"lazy\" decoding=\"async\" src=\"https:\/\/www.ub.fu-berlin.de\/image\/neue_homepage\/raum_118c-kl.jpg\" width=\"300\" height=\"225\" class \/><figcaption class=\"wp-caption-text\">Gruppenarbeitsraum mit Smartboard<\/figcaption><\/figure>\n<p> Vier R\u00e4ume sind f\u00fcr Gruppen bis zu 8 Personen (118 C, 118 D, 118 E, 118 F) konzipiert. Die R\u00e4ume sind mit Smartboards ausgestattet. \u00dcber Tischsteckdosen k\u00f6nnen eigene Laptops mit Strom versorgt werden. <\/p>\n<p><strong>Multimediaraum<\/strong><\/p>\n<p>Des weiteren gibt es einen Raum f\u00fcr 4 Personen (118 H) ohne Smartboard und einen Multimediaraum (118 G), ausgestattet mit Blu-ray-Player und internetf\u00e4higem Fernseher. <\/p>\n<p>In Raum 118A stehen zwei ZEDAT-Rechner zur Verf\u00fcgung &#8211; f\u00fcr diesen Raum k\u00f6nnen keine Reservierungen gemacht werden. <\/p>\n<p>Bitte bringen Sie ggf. eigene Laptops mit &#8230; WLAN ist via Eduroam vorhanden &#8211; die Tische haben Leisten f\u00fcr Stromversorgung und LAN-Stecker. Die Laptops k\u00f6nnen mit den Smartboards verbunden werden und funktionieren dann als Beamer mit Touch-Funktion. <\/p>\n<p><strong>Raumbuchung<\/strong><\/p>\n<p>Die R\u00e4ume k\u00f6nnen von Angeh\u00f6rigen der Freien Universit\u00e4t Berlin selbstt\u00e4tig \u00fcber das Internet gebucht werden. <a href=\"https:\/\/www.ub.fu-berlin.de\/service_neu\/arbeitsplatz\/raumbuchung\/\" target=\"_blank\">Infos sowie den Link zum Raumbuchungssystem<\/a> finden Sie auf der UB-Homepage.<\/p>\n<p>Externe NutzerInnen mit FU-Benutzungsausweis k\u00f6nnen einen noch freien Raum durch das Informationszentrum buchen lassen, allerdings nur f\u00fcr den gleichen Tag.<\/p>\n<p>Fragen beantwortet das Informationszentrum unter (030) 838-51111 oder per E-Mail unter <a href=\"mailto:auskunft@ub.fu-berlin.de\">auskunft@ub.fu-berlin.de<\/a><\/p>\n","protected":false},"excerpt":{"rendered":"<p>Bereits vor knapp einem Jahr wurde mit den Planungen f\u00fcr den Umbau des Br\u00fcckenraums \u00fcber die Harnackstra\u00dfe im 1. OG der Universit\u00e4tsbibliothek in Gruppenarbeitsr\u00e4ume begonnen, nachdem dort der alte Alphabetische (Zettel-)Katalog entsorgt worden ist. Ab dem 19. Mai 2015 k\u00f6nnen die R\u00e4ume nun von FU-Studierenden und FU-Besch\u00e4ftigten selbst \u00fcber ein Online-System gebucht und benutzt werden. &hellip; <a href=\"https:\/\/blogs.fu-berlin.de\/bibliotheken\/2015\/05\/19\/neue-gruppenarbeitsraeume-in-der-ub-selbst-reservieren\/\" class=\"more-link\"><span class=\"screen-reader-text\">\u201eNeue Gruppenarbeitsr\u00e4ume in der UB  selbst reservieren\u201c<\/span> weiterlesen<\/a><\/p>\n","protected":false},"author":265,"featured_media":0,"comment_status":"open","ping_status":"open","sticky":false,"template":"","format":"standard","meta":{"footnotes":""},"categories":[601],"tags":[9982,24678],"class_list":["post-17893","post","type-post","status-publish","format-standard","hentry","category-universitatsbibliothek","tag-gruppenarbeitsplatze","tag-raumbuchung"],"_links":{"self":[{"href":"https:\/\/blogs.fu-berlin.de\/bibliotheken\/wp-json\/wp\/v2\/posts\/17893","targetHints":{"allow":["GET"]}}],"collection":[{"href":"https:\/\/blogs.fu-berlin.de\/bibliotheken\/wp-json\/wp\/v2\/posts"}],"about":[{"href":"https:\/\/blogs.fu-berlin.de\/bibliotheken\/wp-json\/wp\/v2\/types\/post"}],"author":[{"embeddable":true,"href":"https:\/\/blogs.fu-berlin.de\/bibliotheken\/wp-json\/wp\/v2\/users\/265"}],"replies":[{"embeddable":true,"href":"https:\/\/blogs.fu-berlin.de\/bibliotheken\/wp-json\/wp\/v2\/comments?post=17893"}],"version-history":[{"count":21,"href":"https:\/\/blogs.fu-berlin.de\/bibliotheken\/wp-json\/wp\/v2\/posts\/17893\/revisions"}],"predecessor-version":[{"id":17949,"href":"https:\/\/blogs.fu-berlin.de\/bibliotheken\/wp-json\/wp\/v2\/posts\/17893\/revisions\/17949"}],"wp:attachment":[{"href":"https:\/\/blogs.fu-berlin.de\/bibliotheken\/wp-json\/wp\/v2\/media?parent=17893"}],"wp:term":[{"taxonomy":"category","embeddable":true,"href":"https:\/\/blogs.fu-berlin.de\/bibliotheken\/wp-json\/wp\/v2\/categories?post=17893"},{"taxonomy":"post_tag","embeddable":true,"href":"https:\/\/blogs.fu-berlin.de\/bibliotheken\/wp-json\/wp\/v2\/tags?post=17893"}],"curies":[{"name":"wp","href":"https:\/\/api.w.org\/{rel}","templated":true}]}}