{"id":17978,"date":"2015-05-28T14:34:00","date_gmt":"2015-05-28T13:34:00","guid":{"rendered":"https:\/\/blogs.fu-berlin.de\/bibliotheken\/?p=17978"},"modified":"2015-05-28T15:03:26","modified_gmt":"2015-05-28T14:03:26","slug":"alter-magazinturm-der-ub-bekommt-eine-neue-fassade","status":"publish","type":"post","link":"https:\/\/blogs.fu-berlin.de\/bibliotheken\/2015\/05\/28\/alter-magazinturm-der-ub-bekommt-eine-neue-fassade\/","title":{"rendered":"Magazinturm der UB bekommt eine neue Fassade"},"content":{"rendered":"<figure id=\"attachment_17988\" aria-describedby=\"caption-attachment-17988\" style=\"width: 400px\" class=\"wp-caption alignright\"><img loading=\"lazy\" decoding=\"async\" src=\"https:\/\/blogs.fu-berlin.de\/bibliotheken\/files\/2015\/05\/magazinturm.jpg\" alt=\"Magazinturm Ist-Zustand - Sollzustand nach der Restaurierung\" width=\"400\" height=\"236\" class=\"size-full wp-image-17988\" srcset=\"https:\/\/blogs.fu-berlin.de\/bibliotheken\/files\/2015\/05\/magazinturm.jpg 400w, https:\/\/blogs.fu-berlin.de\/bibliotheken\/files\/2015\/05\/magazinturm-300x177.jpg 300w\" sizes=\"auto, (max-width: 400px) 85vw, 400px\" \/><figcaption id=\"caption-attachment-17988\" class=\"wp-caption-text\">Magazinturm Ist-Zustand &#8211; Sollzustand nach der Restaurierung<\/figcaption><\/figure>\n<p>In der Universit\u00e4tsbibliothek wird in den n\u00e4chsten 6 Monaten die Seitenfassade zur Harnackstra\u00dfe hin erneuert.<\/p>\n<p>Dabei werden auch die kleinen Balkone entfernt. Diese Arbeiten sind zumindest teilweise mit L\u00e4rm und Staub verbunden. Zum Schutz von Menschen und B\u00fcchern gegen die Staubentwicklung wurden in allen Magazingeschossen Staubschutzw\u00e4nde um den Baustellenbereich gezogen werden. B\u00fccher aus diesen Bereichen wurden bereits verlagert.<\/p>\n<p>Die Zug\u00e4nge zu den unteren Etagen des Offenen Magazins werden deshalb vor\u00fcbergehend in ein anderes Treppenhaus verlegt. Die neuen Wege f\u00fcr unsere NutzerInnen sind ausgeschildert.<\/p>\n<p>Wir gehen derzeit davon aus, dass wir den Betrieb in allen Bauphasen aufrecht erhalten k\u00f6nnen. Die Bauma\u00dfnahme soll sp\u00e4testens im November 2015 beendet sein.<\/p>\n<p>Wir bitten um Verst\u00e4ndnis<br \/>\nIhre Universit\u00e4tsbibliothek <\/p>\n","protected":false},"excerpt":{"rendered":"<p>In der Universit\u00e4tsbibliothek wird in den n\u00e4chsten 6 Monaten die Seitenfassade zur Harnackstra\u00dfe hin erneuert. Dabei werden auch die kleinen Balkone entfernt. Diese Arbeiten sind zumindest teilweise mit L\u00e4rm und Staub verbunden. Zum Schutz von Menschen und B\u00fcchern gegen die Staubentwicklung wurden in allen Magazingeschossen Staubschutzw\u00e4nde um den Baustellenbereich gezogen werden. B\u00fccher aus diesen Bereichen &hellip; <a href=\"https:\/\/blogs.fu-berlin.de\/bibliotheken\/2015\/05\/28\/alter-magazinturm-der-ub-bekommt-eine-neue-fassade\/\" class=\"more-link\"><span class=\"screen-reader-text\">\u201eMagazinturm der UB bekommt eine neue Fassade\u201c<\/span> weiterlesen<\/a><\/p>\n","protected":false},"author":265,"featured_media":0,"comment_status":"open","ping_status":"open","sticky":false,"template":"","format":"standard","meta":{"footnotes":""},"categories":[601],"tags":[56836],"class_list":["post-17978","post","type-post","status-publish","format-standard","hentry","category-universitatsbibliothek","tag-baumassnahme"],"_links":{"self":[{"href":"https:\/\/blogs.fu-berlin.de\/bibliotheken\/wp-json\/wp\/v2\/posts\/17978","targetHints":{"allow":["GET"]}}],"collection":[{"href":"https:\/\/blogs.fu-berlin.de\/bibliotheken\/wp-json\/wp\/v2\/posts"}],"about":[{"href":"https:\/\/blogs.fu-berlin.de\/bibliotheken\/wp-json\/wp\/v2\/types\/post"}],"author":[{"embeddable":true,"href":"https:\/\/blogs.fu-berlin.de\/bibliotheken\/wp-json\/wp\/v2\/users\/265"}],"replies":[{"embeddable":true,"href":"https:\/\/blogs.fu-berlin.de\/bibliotheken\/wp-json\/wp\/v2\/comments?post=17978"}],"version-history":[{"count":12,"href":"https:\/\/blogs.fu-berlin.de\/bibliotheken\/wp-json\/wp\/v2\/posts\/17978\/revisions"}],"predecessor-version":[{"id":18001,"href":"https:\/\/blogs.fu-berlin.de\/bibliotheken\/wp-json\/wp\/v2\/posts\/17978\/revisions\/18001"}],"wp:attachment":[{"href":"https:\/\/blogs.fu-berlin.de\/bibliotheken\/wp-json\/wp\/v2\/media?parent=17978"}],"wp:term":[{"taxonomy":"category","embeddable":true,"href":"https:\/\/blogs.fu-berlin.de\/bibliotheken\/wp-json\/wp\/v2\/categories?post=17978"},{"taxonomy":"post_tag","embeddable":true,"href":"https:\/\/blogs.fu-berlin.de\/bibliotheken\/wp-json\/wp\/v2\/tags?post=17978"}],"curies":[{"name":"wp","href":"https:\/\/api.w.org\/{rel}","templated":true}]}}