{"id":17995,"date":"2015-05-28T15:10:46","date_gmt":"2015-05-28T14:10:46","guid":{"rendered":"https:\/\/blogs.fu-berlin.de\/bibliotheken\/?p=17995"},"modified":"2021-09-16T11:23:04","modified_gmt":"2021-09-16T10:23:04","slug":"berliner-europa-dialog-am-16-juni-2015-europa-in-der-krise-korrespondentinnen-und-korrespondenten-berichten","status":"publish","type":"post","link":"https:\/\/blogs.fu-berlin.de\/bibliotheken\/2015\/05\/28\/berliner-europa-dialog-am-16-juni-2015-europa-in-der-krise-korrespondentinnen-und-korrespondenten-berichten\/","title":{"rendered":"Berliner Europa-Dialog am 16. Juni 2015: Europa in der Krise? Korrespondentinnen und Korrespondenten berichten"},"content":{"rendered":"\n<p><em><span class=\"has-inline-color has-bright-red-color\">Der Betrieb des \u201eDokumentationszentrums UN \u2013 EU\u201c wird eingestellt. Die entsprechende Literatur bleibt im Bestand und ist weiterhin zug\u00e4nglich.<\/span><\/em><\/p>\n\n\n<p>Die Nachrichten in Europa \u00fcberschlagen sich: drohender \u201eGrexit\u201c, Ukraine-Krise, Fl\u00fcchtlingspolitik und viele weitere Themen f\u00fcllen die Zeitungen, Blogs und Nachrichtensendungen. Auf allen Kan\u00e4len findet Europa statt.<\/p>\n<p>Aber geht es dabei auch um europ\u00e4ische L\u00f6sungen europ\u00e4ischer Herausforderungen? Oder kochen die Mitgliedsstaaten ihr eigenes S\u00fcppchen ohne Blick f\u00fcr das gro\u00dfe Ganze? Wie beurteilen Korrespondentinnen und Korrespondenten europ\u00e4ischer Medien die deutsche Europa-Debatte?<\/p>\n<p>Diese und weitere Fragen m\u00f6chten wir mit Ihnen und den Teilnehmerinnen und Teilnehmern unseres Podiums diskutieren. Unter dem Motto \u201eEuropa in der Krise? Korrespondentinnen und Korrespondenten berichten\u201c bieten wir einen Blick von au\u00dfen auf die Diskussion in Deutschland.<\/p>\n<p><strong>Die Veranstaltung findet am 16.06.2015 von 18:00 bis 20:00 Uhr in der Freien Universit\u00e4t Berlin, Henry-Ford-Bau, H\u00f6rsaal A, Garystra\u00dfe 35, 14195 Berlin-Dahlem (U3 Thielplatz) statt. Sie wird moderiert von Prof. Dr. Tanja A. B\u00f6rzel, Leiterin der Arbeitsstelle Europ\u00e4ische Integration der Freien Universit\u00e4t Berlin.<\/strong><\/p>\n<p>Als Podiumsg\u00e4ste haben folgende Korrespondentinnen und Korrespondenten europ\u00e4ischer Medien in Deutschland zugesagt:<\/p>\n<p>\u2022 Herr <strong>Luis Doncel<\/strong>, Tageszeitung \u201eEl Pa\u00eds\u201c (Spanien)<br>\n\u2022 Herr <strong>Jacek Lepiarz<\/strong>, Nachrichtenagentur \u201ePAP\u201c (Polen)<br>\n\u2022 Frau <strong>Tonia Mastrobuoni<\/strong>, Tageszeitung \u201eLa Stampa\u201c (Italien)<br>\n\u2022 Herr <strong>Georgios Pappas<\/strong>, Tageszeitung \u201eTa Nea\u201c (Griechenland)<br>\n\u2022 Herr <strong>Pascal Thibaut<\/strong>, Radiosender \u201eRadio France International\u201c (Frankreich)<\/p>\n<p>Wir w\u00fcrden uns freuen, Sie zu der Podiumsdiskussion begr\u00fc\u00dfen zu d\u00fcrfen. Ihre Anmeldung senden Sie bitte bis zum 12. Juni 2015 an <a href=\"mailto:info@eu-infozentrum-berlin.de\">info@eu-infozentrum-berlin.de <\/a><\/p>\n<p>Die Veranstaltung bildet den Auftakt der Reihe \u201eBerliner Europa-Dialog.\u201c<\/p>\n<p>Sie wird kooperativ organisiert vom Europ\u00e4ischen Informationszentrum Berlin (Tr\u00e4ger: Deutsche Gesellschaft e.V.), dem Dokumentationszentrum Vereinte Nationen \u2013 Europ\u00e4ische Union der Freien Universit\u00e4t Berlin, der Kolleg-Forschergruppe \u201eThe Transformative Power of Europe\u201c am Otto-Suhr-Institut der Freien Universit\u00e4t Berlin sowie der Europa-Union Berlin e.V. Medienpartner ist korrespondenten.tv.<\/p>","protected":false},"excerpt":{"rendered":"<p>Der Betrieb des \u201eDokumentationszentrums UN \u2013 EU\u201c wird eingestellt. Die entsprechende Literatur bleibt im Bestand und ist weiterhin zug\u00e4nglich. Die Nachrichten in Europa \u00fcberschlagen sich: drohender \u201eGrexit\u201c, Ukraine-Krise, Fl\u00fcchtlingspolitik und viele weitere Themen f\u00fcllen die Zeitungen, Blogs und Nachrichtensendungen. Auf allen Kan\u00e4len findet Europa statt. Aber geht es dabei auch um europ\u00e4ische L\u00f6sungen europ\u00e4ischer Herausforderungen? &hellip; <a href=\"https:\/\/blogs.fu-berlin.de\/bibliotheken\/2015\/05\/28\/berliner-europa-dialog-am-16-juni-2015-europa-in-der-krise-korrespondentinnen-und-korrespondenten-berichten\/\" class=\"more-link\"><span class=\"screen-reader-text\">\u201eBerliner Europa-Dialog am 16. Juni 2015: Europa in der Krise? Korrespondentinnen und Korrespondenten berichten\u201c<\/span> weiterlesen<\/a><\/p>\n","protected":false},"author":265,"featured_media":0,"comment_status":"open","ping_status":"open","sticky":false,"template":"","format":"standard","meta":{"footnotes":""},"categories":[9,70],"tags":[2458],"class_list":["post-17995","post","type-post","status-publish","format-standard","hentry","category-allgemein","category-veranstaltungen","tag-dokumentationszentrum-un-eu"],"_links":{"self":[{"href":"https:\/\/blogs.fu-berlin.de\/bibliotheken\/wp-json\/wp\/v2\/posts\/17995","targetHints":{"allow":["GET"]}}],"collection":[{"href":"https:\/\/blogs.fu-berlin.de\/bibliotheken\/wp-json\/wp\/v2\/posts"}],"about":[{"href":"https:\/\/blogs.fu-berlin.de\/bibliotheken\/wp-json\/wp\/v2\/types\/post"}],"author":[{"embeddable":true,"href":"https:\/\/blogs.fu-berlin.de\/bibliotheken\/wp-json\/wp\/v2\/users\/265"}],"replies":[{"embeddable":true,"href":"https:\/\/blogs.fu-berlin.de\/bibliotheken\/wp-json\/wp\/v2\/comments?post=17995"}],"version-history":[{"count":8,"href":"https:\/\/blogs.fu-berlin.de\/bibliotheken\/wp-json\/wp\/v2\/posts\/17995\/revisions"}],"predecessor-version":[{"id":29563,"href":"https:\/\/blogs.fu-berlin.de\/bibliotheken\/wp-json\/wp\/v2\/posts\/17995\/revisions\/29563"}],"wp:attachment":[{"href":"https:\/\/blogs.fu-berlin.de\/bibliotheken\/wp-json\/wp\/v2\/media?parent=17995"}],"wp:term":[{"taxonomy":"category","embeddable":true,"href":"https:\/\/blogs.fu-berlin.de\/bibliotheken\/wp-json\/wp\/v2\/categories?post=17995"},{"taxonomy":"post_tag","embeddable":true,"href":"https:\/\/blogs.fu-berlin.de\/bibliotheken\/wp-json\/wp\/v2\/tags?post=17995"}],"curies":[{"name":"wp","href":"https:\/\/api.w.org\/{rel}","templated":true}]}}