{"id":18029,"date":"2015-06-09T16:48:14","date_gmt":"2015-06-09T15:48:14","guid":{"rendered":"https:\/\/blogs.fu-berlin.de\/bibliotheken\/?p=18029"},"modified":"2015-06-09T16:49:41","modified_gmt":"2015-06-09T15:49:41","slug":"bibliotheksmanagementsystem-wandert-in-die-wolke","status":"publish","type":"post","link":"https:\/\/blogs.fu-berlin.de\/bibliotheken\/2015\/06\/09\/bibliotheksmanagementsystem-wandert-in-die-wolke\/","title":{"rendered":"Bibliotheksmanagementsystem wandert in die Wolke"},"content":{"rendered":"<p>Kleiner Hinweis auf ein <a href=\"https:\/\/www.fu-berlin.de\/campusleben\/campus\/2015\/1506xx_bibliothek-system\/index.html\" target=\"_blank\">Interview mit dem leitenden Bibliotheksdirektor der Universit\u00e4tsbibliothek Ji\u0159\u00ed  Kende in campus.leben vom 8. Juni 2015<\/a> zum neuen Bibliotheksmanagementsystem Alma, das 2016 eingef\u00fchrt werden soll. <\/p>\n<p>Alma wird zuk\u00fcnftig in der &#8222;Cloud&#8220; betrieben werden &#8230; Auch wenn unsere NutzerInnen keine gro\u00dfen \u00c4nderungen bemerken werden, denn Primo bleibt unser Such-Portal, bedeutet diese Umstellung f\u00fcr die FU-Bibliotheken einiges an Arbeit.<\/p>\n","protected":false},"excerpt":{"rendered":"<p>Kleiner Hinweis auf ein Interview mit dem leitenden Bibliotheksdirektor der Universit\u00e4tsbibliothek Ji\u0159\u00ed Kende in campus.leben vom 8. Juni 2015 zum neuen Bibliotheksmanagementsystem Alma, das 2016 eingef\u00fchrt werden soll. Alma wird zuk\u00fcnftig in der &#8222;Cloud&#8220; betrieben werden &#8230; Auch wenn unsere NutzerInnen keine gro\u00dfen \u00c4nderungen bemerken werden, denn Primo bleibt unser Such-Portal, bedeutet diese Umstellung f\u00fcr &hellip; <a href=\"https:\/\/blogs.fu-berlin.de\/bibliotheken\/2015\/06\/09\/bibliotheksmanagementsystem-wandert-in-die-wolke\/\" class=\"more-link\"><span class=\"screen-reader-text\">\u201eBibliotheksmanagementsystem wandert in die Wolke\u201c<\/span> weiterlesen<\/a><\/p>\n","protected":false},"author":265,"featured_media":0,"comment_status":"open","ping_status":"open","sticky":false,"template":"","format":"standard","meta":{"footnotes":""},"categories":[601],"tags":[56837],"class_list":["post-18029","post","type-post","status-publish","format-standard","hentry","category-universitatsbibliothek","tag-alma"],"_links":{"self":[{"href":"https:\/\/blogs.fu-berlin.de\/bibliotheken\/wp-json\/wp\/v2\/posts\/18029","targetHints":{"allow":["GET"]}}],"collection":[{"href":"https:\/\/blogs.fu-berlin.de\/bibliotheken\/wp-json\/wp\/v2\/posts"}],"about":[{"href":"https:\/\/blogs.fu-berlin.de\/bibliotheken\/wp-json\/wp\/v2\/types\/post"}],"author":[{"embeddable":true,"href":"https:\/\/blogs.fu-berlin.de\/bibliotheken\/wp-json\/wp\/v2\/users\/265"}],"replies":[{"embeddable":true,"href":"https:\/\/blogs.fu-berlin.de\/bibliotheken\/wp-json\/wp\/v2\/comments?post=18029"}],"version-history":[{"count":6,"href":"https:\/\/blogs.fu-berlin.de\/bibliotheken\/wp-json\/wp\/v2\/posts\/18029\/revisions"}],"predecessor-version":[{"id":18035,"href":"https:\/\/blogs.fu-berlin.de\/bibliotheken\/wp-json\/wp\/v2\/posts\/18029\/revisions\/18035"}],"wp:attachment":[{"href":"https:\/\/blogs.fu-berlin.de\/bibliotheken\/wp-json\/wp\/v2\/media?parent=18029"}],"wp:term":[{"taxonomy":"category","embeddable":true,"href":"https:\/\/blogs.fu-berlin.de\/bibliotheken\/wp-json\/wp\/v2\/categories?post=18029"},{"taxonomy":"post_tag","embeddable":true,"href":"https:\/\/blogs.fu-berlin.de\/bibliotheken\/wp-json\/wp\/v2\/tags?post=18029"}],"curies":[{"name":"wp","href":"https:\/\/api.w.org\/{rel}","templated":true}]}}