{"id":18129,"date":"2015-07-09T09:45:22","date_gmt":"2015-07-09T08:45:22","guid":{"rendered":"https:\/\/blogs.fu-berlin.de\/bibliotheken\/?p=18129"},"modified":"2015-07-09T10:39:47","modified_gmt":"2015-07-09T09:39:47","slug":"architekturpreis-fuer-die-campusbibliothek","status":"publish","type":"post","link":"https:\/\/blogs.fu-berlin.de\/bibliotheken\/2015\/07\/09\/architekturpreis-fuer-die-campusbibliothek\/","title":{"rendered":"Auszeichnung f\u00fcr die Campusbibliothek"},"content":{"rendered":"<figure id=\"attachment_18139\" aria-describedby=\"caption-attachment-18139\" style=\"width: 150px\" class=\"wp-caption alignright\"><a href=\"https:\/\/blogs.fu-berlin.de\/bibliotheken\/files\/2015\/07\/neubau-kleine-faecher-ost_930.jpg\"><img loading=\"lazy\" decoding=\"async\" class=\"wp-image-18139 size-thumbnail\" src=\"https:\/\/blogs.fu-berlin.de\/bibliotheken\/files\/2015\/07\/neubau-kleine-faecher-ost_930-150x150.jpg\" alt=\"Architektur: Florian Nagler Architekten\" width=\"150\" height=\"150\" \/><\/a><figcaption id=\"caption-attachment-18139\" class=\"wp-caption-text\">Architektur: Florian Nagler Architekten<\/figcaption><\/figure>\n<p>Nur <a href=\"https:\/\/blogs.fu-berlin.de\/bibliotheken\/2015\/04\/14\/campusbibliothek-oeffnet-am-20-april-zum-ersten-mal-die-pforten\/\" target=\"_blank\">f\u00fcnf Wochen nach der Er\u00f6ffnung<\/a> ist der Neubau der Kleinen F\u00e4cher der Freien Universit\u00e4t durch den Berliner Landesverband des Bundes Deutscher Architekten (BDA) ausgezeichnet worden.<\/p>\n<p>Die etwa 52 Millionen Euro teure Erweiterung der sogenannten Rost- und Silberlaube, in der 14 Kleine F\u00e4cher des Fachbereichs Geschichts- und Kulturwissenschaften unter einem Dach zusammengef\u00fchrt werden, erhielt die Ehrung im Rahmen des Festaktes zum 100j\u00e4hrigen Gr\u00fcndungsjubil\u00e4um des BDA Berlin. Entworfen wurde der Bau im Zentrum des Dahlemer Campus an der Fabeckstra\u00dfe von dem renommierten M\u00fcnchner Architekten Florian Nagler.<\/p>\n<p>Weitere Informationen gibt es in der <a href=\"https:\/\/www.fu-berlin.de\/presse\/informationen\/fup\/2015\/fup_15_218-neubau-in-der-fabeckstrasse-ausgezeichnet\/index.html\" target=\"_blank\">Pressemitteilung der Freien Universit\u00e4t Berlin vom 08.07.2015<\/a>.<\/p>\n<h6>Bild: Stefan M\u00fcller-Naumann<\/h6>\n","protected":false},"excerpt":{"rendered":"<p>Nur f\u00fcnf Wochen nach der Er\u00f6ffnung ist der Neubau der Kleinen F\u00e4cher der Freien Universit\u00e4t durch den Berliner Landesverband des Bundes Deutscher Architekten (BDA) ausgezeichnet worden. Die etwa 52 Millionen Euro teure Erweiterung der sogenannten Rost- und Silberlaube, in der 14 Kleine F\u00e4cher des Fachbereichs Geschichts- und Kulturwissenschaften unter einem Dach zusammengef\u00fchrt werden, erhielt die &hellip; <a href=\"https:\/\/blogs.fu-berlin.de\/bibliotheken\/2015\/07\/09\/architekturpreis-fuer-die-campusbibliothek\/\" class=\"more-link\"><span class=\"screen-reader-text\">\u201eAuszeichnung f\u00fcr die Campusbibliothek\u201c<\/span> weiterlesen<\/a><\/p>\n","protected":false},"author":265,"featured_media":0,"comment_status":"open","ping_status":"open","sticky":false,"template":"","format":"standard","meta":{"footnotes":""},"categories":[600],"tags":[24650],"class_list":["post-18129","post","type-post","status-publish","format-standard","hentry","category-fachbibliotheken","tag-campusbibliothek"],"_links":{"self":[{"href":"https:\/\/blogs.fu-berlin.de\/bibliotheken\/wp-json\/wp\/v2\/posts\/18129","targetHints":{"allow":["GET"]}}],"collection":[{"href":"https:\/\/blogs.fu-berlin.de\/bibliotheken\/wp-json\/wp\/v2\/posts"}],"about":[{"href":"https:\/\/blogs.fu-berlin.de\/bibliotheken\/wp-json\/wp\/v2\/types\/post"}],"author":[{"embeddable":true,"href":"https:\/\/blogs.fu-berlin.de\/bibliotheken\/wp-json\/wp\/v2\/users\/265"}],"replies":[{"embeddable":true,"href":"https:\/\/blogs.fu-berlin.de\/bibliotheken\/wp-json\/wp\/v2\/comments?post=18129"}],"version-history":[{"count":6,"href":"https:\/\/blogs.fu-berlin.de\/bibliotheken\/wp-json\/wp\/v2\/posts\/18129\/revisions"}],"predecessor-version":[{"id":18142,"href":"https:\/\/blogs.fu-berlin.de\/bibliotheken\/wp-json\/wp\/v2\/posts\/18129\/revisions\/18142"}],"wp:attachment":[{"href":"https:\/\/blogs.fu-berlin.de\/bibliotheken\/wp-json\/wp\/v2\/media?parent=18129"}],"wp:term":[{"taxonomy":"category","embeddable":true,"href":"https:\/\/blogs.fu-berlin.de\/bibliotheken\/wp-json\/wp\/v2\/categories?post=18129"},{"taxonomy":"post_tag","embeddable":true,"href":"https:\/\/blogs.fu-berlin.de\/bibliotheken\/wp-json\/wp\/v2\/tags?post=18129"}],"curies":[{"name":"wp","href":"https:\/\/api.w.org\/{rel}","templated":true}]}}