{"id":18175,"date":"2015-07-24T13:26:02","date_gmt":"2015-07-24T12:26:02","guid":{"rendered":"https:\/\/blogs.fu-berlin.de\/bibliotheken\/?p=18175"},"modified":"2015-11-20T14:13:57","modified_gmt":"2015-11-20T13:13:57","slug":"baumassnahme-in-leihstelle-und-informationszentrum-der-ub","status":"publish","type":"post","link":"https:\/\/blogs.fu-berlin.de\/bibliotheken\/2015\/07\/24\/baumassnahme-in-leihstelle-und-informationszentrum-der-ub\/","title":{"rendered":"Bauma\u00dfnahme in Leihstelle und Informationszentrum der UB"},"content":{"rendered":"<p><img loading=\"lazy\" decoding=\"async\" class=\"alignright\" src=\"https:\/\/www.ub.fu-berlin.de\/image\/neue_homepage\/wir_bauen-um3.jpg\" alt=\"\" width=\"290\" height=\"205\" \/>In der Universit\u00e4tsbibliothek (UB) wird es ab dem 10. August 2015 neben der bereits laufenden Fassadensanierung des alten Magazinturms eine weitere Baustelle geben.<\/p>\n<p>Der im Wesentlichen noch aus den 50er Jahren stammende Bereich von Leihstelle und Informationszentrum im 1. OG wird grundlegend saniert und muss daf\u00fcr geschlossen werden.<\/p>\n<h4>Der Ausleih-Betrieb wird aufrechterhalten! Alle B\u00fccher &#8211; auch die aus dem &#8222;Offenen Magazin&#8220; &#8211; m\u00fcssen bestellt werden!<\/h4>\n<p>Die neuen <strong>Gruppenarbeitsr\u00e4ume der UB sind im August und im September leider geschlossen<\/strong>. Es ist geplant, die R\u00e4ume zum 1. Oktober totz Umbaumassnahmen wieder zur Verf\u00fcgung zu stellen.<\/p>\n<p>Details \u00fcber den Umfang der Sanierung und \u00fcber die Services w\u00e4hrend des Umbaus entnehmen Sie bitte der <a href=\"https:\/\/www.ub.fu-berlin.de\/news\/benutzerinfo_201508.html\" target=\"_blank\">Homepage der Universit\u00e4tsbibliothek<\/a>.<\/p>\n<p>Die Fertigstellung ist f\u00fcr <del datetime=\"2015-11-20T13:13:47+00:00\">M\u00e4rz<\/del> April 2016 geplant.<\/p>\n<hr \/>\n<p>F\u00fcr etwaige Beeintr\u00e4chtigungen bitten wir um Verst\u00e4ndnis.<br \/>\nIhre Universit\u00e4tsbibliothek<\/p>\n","protected":false},"excerpt":{"rendered":"<p>In der Universit\u00e4tsbibliothek (UB) wird es ab dem 10. August 2015 neben der bereits laufenden Fassadensanierung des alten Magazinturms eine weitere Baustelle geben. Der im Wesentlichen noch aus den 50er Jahren stammende Bereich von Leihstelle und Informationszentrum im 1. OG wird grundlegend saniert und muss daf\u00fcr geschlossen werden. Der Ausleih-Betrieb wird aufrechterhalten! Alle B\u00fccher &#8211; &hellip; <a href=\"https:\/\/blogs.fu-berlin.de\/bibliotheken\/2015\/07\/24\/baumassnahme-in-leihstelle-und-informationszentrum-der-ub\/\" class=\"more-link\"><span class=\"screen-reader-text\">\u201eBauma\u00dfnahme in Leihstelle und Informationszentrum der UB\u201c<\/span> weiterlesen<\/a><\/p>\n","protected":false},"author":265,"featured_media":0,"comment_status":"open","ping_status":"open","sticky":false,"template":"","format":"standard","meta":{"footnotes":""},"categories":[601],"tags":[56836,57467],"class_list":["post-18175","post","type-post","status-publish","format-standard","hentry","category-universitatsbibliothek","tag-baumassnahme","tag-universitatsbibliothek"],"_links":{"self":[{"href":"https:\/\/blogs.fu-berlin.de\/bibliotheken\/wp-json\/wp\/v2\/posts\/18175","targetHints":{"allow":["GET"]}}],"collection":[{"href":"https:\/\/blogs.fu-berlin.de\/bibliotheken\/wp-json\/wp\/v2\/posts"}],"about":[{"href":"https:\/\/blogs.fu-berlin.de\/bibliotheken\/wp-json\/wp\/v2\/types\/post"}],"author":[{"embeddable":true,"href":"https:\/\/blogs.fu-berlin.de\/bibliotheken\/wp-json\/wp\/v2\/users\/265"}],"replies":[{"embeddable":true,"href":"https:\/\/blogs.fu-berlin.de\/bibliotheken\/wp-json\/wp\/v2\/comments?post=18175"}],"version-history":[{"count":18,"href":"https:\/\/blogs.fu-berlin.de\/bibliotheken\/wp-json\/wp\/v2\/posts\/18175\/revisions"}],"predecessor-version":[{"id":18586,"href":"https:\/\/blogs.fu-berlin.de\/bibliotheken\/wp-json\/wp\/v2\/posts\/18175\/revisions\/18586"}],"wp:attachment":[{"href":"https:\/\/blogs.fu-berlin.de\/bibliotheken\/wp-json\/wp\/v2\/media?parent=18175"}],"wp:term":[{"taxonomy":"category","embeddable":true,"href":"https:\/\/blogs.fu-berlin.de\/bibliotheken\/wp-json\/wp\/v2\/categories?post=18175"},{"taxonomy":"post_tag","embeddable":true,"href":"https:\/\/blogs.fu-berlin.de\/bibliotheken\/wp-json\/wp\/v2\/tags?post=18175"}],"curies":[{"name":"wp","href":"https:\/\/api.w.org\/{rel}","templated":true}]}}