{"id":18196,"date":"2015-08-03T13:29:49","date_gmt":"2015-08-03T12:29:49","guid":{"rendered":"https:\/\/blogs.fu-berlin.de\/bibliotheken\/?p=18196"},"modified":"2015-08-03T13:29:49","modified_gmt":"2015-08-03T12:29:49","slug":"umraeummassnahmen-in-der-bibliothek-fuer-sozialwissenschaften-und-osteuropastudien-vom-10-bis-12-august-2015","status":"publish","type":"post","link":"https:\/\/blogs.fu-berlin.de\/bibliotheken\/2015\/08\/03\/umraeummassnahmen-in-der-bibliothek-fuer-sozialwissenschaften-und-osteuropastudien-vom-10-bis-12-august-2015\/","title":{"rendered":"Umr\u00e4umma\u00dfnahmen in der Bibliothek f\u00fcr Sozialwissenschaften und Osteuropastudien vom 10. bis 12. August 2015"},"content":{"rendered":"<p>Vom 10. bis 12. August 2015 finden im Freihandbereich und dem Offenen Magazin in der Bibliothek f\u00fcr Sozialwissenschaften und Osteuropastudien, Garystr. 55, umfangreiche Umr\u00e4umma\u00dfnahmen statt. Dadurch kann es zu L\u00e4rmbel\u00e4stigungen kommen, wir bitten dies zu entschuldigen.<\/p>\n<p>Vielen Dank f\u00fcr Ihr Verst\u00e4ndnis!<br \/>\nIhr Bibliotheksteam<\/p>\n","protected":false},"excerpt":{"rendered":"<p>Vom 10. bis 12. August 2015 finden im Freihandbereich und dem Offenen Magazin in der Bibliothek f\u00fcr Sozialwissenschaften und Osteuropastudien, Garystr. 55, umfangreiche Umr\u00e4umma\u00dfnahmen statt. Dadurch kann es zu L\u00e4rmbel\u00e4stigungen kommen, wir bitten dies zu entschuldigen. Vielen Dank f\u00fcr Ihr Verst\u00e4ndnis! Ihr Bibliotheksteam<\/p>\n","protected":false},"author":266,"featured_media":0,"comment_status":"open","ping_status":"open","sticky":false,"template":"","format":"standard","meta":{"footnotes":""},"categories":[600],"tags":[18539],"class_list":["post-18196","post","type-post","status-publish","format-standard","hentry","category-fachbibliotheken","tag-bibliothek-fur-sozialwissenschaften-und-osteuropastudien"],"_links":{"self":[{"href":"https:\/\/blogs.fu-berlin.de\/bibliotheken\/wp-json\/wp\/v2\/posts\/18196","targetHints":{"allow":["GET"]}}],"collection":[{"href":"https:\/\/blogs.fu-berlin.de\/bibliotheken\/wp-json\/wp\/v2\/posts"}],"about":[{"href":"https:\/\/blogs.fu-berlin.de\/bibliotheken\/wp-json\/wp\/v2\/types\/post"}],"author":[{"embeddable":true,"href":"https:\/\/blogs.fu-berlin.de\/bibliotheken\/wp-json\/wp\/v2\/users\/266"}],"replies":[{"embeddable":true,"href":"https:\/\/blogs.fu-berlin.de\/bibliotheken\/wp-json\/wp\/v2\/comments?post=18196"}],"version-history":[{"count":1,"href":"https:\/\/blogs.fu-berlin.de\/bibliotheken\/wp-json\/wp\/v2\/posts\/18196\/revisions"}],"predecessor-version":[{"id":18197,"href":"https:\/\/blogs.fu-berlin.de\/bibliotheken\/wp-json\/wp\/v2\/posts\/18196\/revisions\/18197"}],"wp:attachment":[{"href":"https:\/\/blogs.fu-berlin.de\/bibliotheken\/wp-json\/wp\/v2\/media?parent=18196"}],"wp:term":[{"taxonomy":"category","embeddable":true,"href":"https:\/\/blogs.fu-berlin.de\/bibliotheken\/wp-json\/wp\/v2\/categories?post=18196"},{"taxonomy":"post_tag","embeddable":true,"href":"https:\/\/blogs.fu-berlin.de\/bibliotheken\/wp-json\/wp\/v2\/tags?post=18196"}],"curies":[{"name":"wp","href":"https:\/\/api.w.org\/{rel}","templated":true}]}}