{"id":182,"date":"2009-03-10T10:17:59","date_gmt":"2009-03-10T09:17:59","guid":{"rendered":"https:\/\/blogs.fu-berlin.de\/bibliotheken\/?p=182"},"modified":"2009-03-19T17:13:29","modified_gmt":"2009-03-19T16:13:29","slug":"2-bibliotheksreferendare-gesucht","status":"publish","type":"post","link":"https:\/\/blogs.fu-berlin.de\/bibliotheken\/2009\/03\/10\/2-bibliotheksreferendare-gesucht\/","title":{"rendered":"2 Bibliotheksreferendare gesucht"},"content":{"rendered":"<p>Zur Zeit sind zwei Stellen f\u00fcr Bibliotheksreferendare\/-referendarinnen  im <a href=\"https:\/\/www.fu-berlin.de\/service\/stellen\/st_2009\/st_20090309.html\">Stellenanzeiger der Freien Universit\u00e4t Berlin vom 9.3.2009<\/a> ausgeschrieben &#8211; die Bewerbungsfrist endet am 03.04.2009. <\/p>\n<p>Erw\u00fcnscht sind Bewerber\/innen mit einem abgeschlossenen qualifizierten Hochschulstudium in Politik- und Sozialwissenschaften bzw. Geisteswissenschaften (Romanistik und Geschichte).<\/p>\n<p>Die praktische <a href=\"https:\/\/www.ub.fu-berlin.de\/service_neu\/ausbildung\/wiss\/\">Ausbildung <\/a>findet in den Bibliotheken der Freien Universit\u00e4t Berlin statt, der theoretische Teil der Ausbildung am Institut f\u00fcr Bibliotheks- und Informationswissenschaft der Humboldt-Universit\u00e4t zu Berlin. Das Referendariat endet mit der Laufbahnpr\u00fcfung als Bibliotheksassessor\/in. Ein \u00dcbernahmeanspruch besteht nicht.<\/p>\n","protected":false},"excerpt":{"rendered":"<p>Zur Zeit sind zwei Stellen f\u00fcr Bibliotheksreferendare\/-referendarinnen im Stellenanzeiger der Freien Universit\u00e4t Berlin vom 9.3.2009 ausgeschrieben &#8211; die Bewerbungsfrist endet am 03.04.2009. Erw\u00fcnscht sind Bewerber\/innen mit einem abgeschlossenen qualifizierten Hochschulstudium in Politik- und Sozialwissenschaften bzw. Geisteswissenschaften (Romanistik und Geschichte). Die praktische Ausbildung findet in den Bibliotheken der Freien Universit\u00e4t Berlin statt, der theoretische Teil der &hellip; <a href=\"https:\/\/blogs.fu-berlin.de\/bibliotheken\/2009\/03\/10\/2-bibliotheksreferendare-gesucht\/\" class=\"more-link\"><span class=\"screen-reader-text\">\u201e2 Bibliotheksreferendare gesucht\u201c<\/span> weiterlesen<\/a><\/p>\n","protected":false},"author":265,"featured_media":0,"comment_status":"open","ping_status":"open","sticky":false,"template":"","format":"standard","meta":{"footnotes":""},"categories":[9],"tags":[529,528,540],"class_list":["post-182","post","type-post","status-publish","format-standard","hentry","category-allgemein","tag-ausbildung","tag-bibliotheksreferendar","tag-wissenschaftlicher-dienst-an-bibliotheken"],"_links":{"self":[{"href":"https:\/\/blogs.fu-berlin.de\/bibliotheken\/wp-json\/wp\/v2\/posts\/182","targetHints":{"allow":["GET"]}}],"collection":[{"href":"https:\/\/blogs.fu-berlin.de\/bibliotheken\/wp-json\/wp\/v2\/posts"}],"about":[{"href":"https:\/\/blogs.fu-berlin.de\/bibliotheken\/wp-json\/wp\/v2\/types\/post"}],"author":[{"embeddable":true,"href":"https:\/\/blogs.fu-berlin.de\/bibliotheken\/wp-json\/wp\/v2\/users\/265"}],"replies":[{"embeddable":true,"href":"https:\/\/blogs.fu-berlin.de\/bibliotheken\/wp-json\/wp\/v2\/comments?post=182"}],"version-history":[{"count":5,"href":"https:\/\/blogs.fu-berlin.de\/bibliotheken\/wp-json\/wp\/v2\/posts\/182\/revisions"}],"predecessor-version":[{"id":268,"href":"https:\/\/blogs.fu-berlin.de\/bibliotheken\/wp-json\/wp\/v2\/posts\/182\/revisions\/268"}],"wp:attachment":[{"href":"https:\/\/blogs.fu-berlin.de\/bibliotheken\/wp-json\/wp\/v2\/media?parent=182"}],"wp:term":[{"taxonomy":"category","embeddable":true,"href":"https:\/\/blogs.fu-berlin.de\/bibliotheken\/wp-json\/wp\/v2\/categories?post=182"},{"taxonomy":"post_tag","embeddable":true,"href":"https:\/\/blogs.fu-berlin.de\/bibliotheken\/wp-json\/wp\/v2\/tags?post=182"}],"curies":[{"name":"wp","href":"https:\/\/api.w.org\/{rel}","templated":true}]}}