{"id":18259,"date":"2015-09-01T09:03:30","date_gmt":"2015-09-01T08:03:30","guid":{"rendered":"https:\/\/blogs.fu-berlin.de\/bibliotheken\/?p=18259"},"modified":"2015-10-29T09:59:01","modified_gmt":"2015-10-29T08:59:01","slug":"ausstellung-zum-750-geburtstag-von-dante-alighieri","status":"publish","type":"post","link":"https:\/\/blogs.fu-berlin.de\/bibliotheken\/2015\/09\/01\/ausstellung-zum-750-geburtstag-von-dante-alighieri\/","title":{"rendered":"Ausstellung zum 750. Geburtstag von Dante Alighieri"},"content":{"rendered":"<p><img loading=\"lazy\" decoding=\"async\" src=\"https:\/\/blogs.fu-berlin.de\/bibliotheken\/files\/2015\/09\/dante.jpg\" alt=\"dante\" width=\"200\" height=\"285\" class=\"alignright size-full wp-image-18261\" \/>Zum 750. Geburtstag des Dichters Dante Alighieri (1265-1321) zeigt die Universit\u00e4tsbibliothek eine Auswahl von italienischen Ausgaben und deutschen \u00dcbersetzungen der &#8222;Divina Commedia&#8220; (G\u00f6ttliche Kom\u00f6die) aus dem Bestand der FU-Bibliotheken.<\/p>\n<p>Die <a href=\"https:\/\/www.ub.fu-berlin.de\/service_neu\/ausstellung\/index.html\" target=\"_blank\">Ausstellung im Foyer der Universit\u00e4tsbibliothek<\/a> kann noch bis zum 31. Oktober 2015 (verl\u00e4ngert bis zum 10. November) montags bis freitags von 9-20 Uhr besucht werden.<\/p>\n<p>Adresse: Garystr. 39, 14195 Berlin-Dahlem<\/p>\n<p>Die Ausstellung wurde kuratiert von:<\/p>\n<p>Prof. Dr. Sebastian Neumeister<br \/>\nInstitut f\u00fcr Romanische Philologie der FU Berlin,<br \/>\nE-Mail: <a href=\"mailto:seneu@zedat.fu-berlin.de\">seneu@zedat.fu-berlin.de<\/a><br \/>\n&amp;<br \/>\nDr. Susanne Rothe<br \/>\nUniversit\u00e4tsbibliothek der FU Berlin,<br \/>\nE-Mail: <a href=\"mailto:rothe@ub.fu-berlin.de\">rothe@ub.fu-berlin.de<\/a><\/p>\n","protected":false},"excerpt":{"rendered":"<p>Zum 750. Geburtstag des Dichters Dante Alighieri (1265-1321) zeigt die Universit\u00e4tsbibliothek eine Auswahl von italienischen Ausgaben und deutschen \u00dcbersetzungen der &#8222;Divina Commedia&#8220; (G\u00f6ttliche Kom\u00f6die) aus dem Bestand der FU-Bibliotheken. Die Ausstellung im Foyer der Universit\u00e4tsbibliothek kann noch bis zum 31. Oktober 2015 (verl\u00e4ngert bis zum 10. November) montags bis freitags von 9-20 Uhr besucht werden. &hellip; <a href=\"https:\/\/blogs.fu-berlin.de\/bibliotheken\/2015\/09\/01\/ausstellung-zum-750-geburtstag-von-dante-alighieri\/\" class=\"more-link\"><span class=\"screen-reader-text\">\u201eAusstellung zum 750. Geburtstag von Dante Alighieri\u201c<\/span> weiterlesen<\/a><\/p>\n","protected":false},"author":265,"featured_media":0,"comment_status":"open","ping_status":"open","sticky":false,"template":"","format":"standard","meta":{"footnotes":""},"categories":[70],"tags":[56872],"class_list":["post-18259","post","type-post","status-publish","format-standard","hentry","category-veranstaltungen","tag-ausstellung-dante"],"_links":{"self":[{"href":"https:\/\/blogs.fu-berlin.de\/bibliotheken\/wp-json\/wp\/v2\/posts\/18259","targetHints":{"allow":["GET"]}}],"collection":[{"href":"https:\/\/blogs.fu-berlin.de\/bibliotheken\/wp-json\/wp\/v2\/posts"}],"about":[{"href":"https:\/\/blogs.fu-berlin.de\/bibliotheken\/wp-json\/wp\/v2\/types\/post"}],"author":[{"embeddable":true,"href":"https:\/\/blogs.fu-berlin.de\/bibliotheken\/wp-json\/wp\/v2\/users\/265"}],"replies":[{"embeddable":true,"href":"https:\/\/blogs.fu-berlin.de\/bibliotheken\/wp-json\/wp\/v2\/comments?post=18259"}],"version-history":[{"count":7,"href":"https:\/\/blogs.fu-berlin.de\/bibliotheken\/wp-json\/wp\/v2\/posts\/18259\/revisions"}],"predecessor-version":[{"id":18451,"href":"https:\/\/blogs.fu-berlin.de\/bibliotheken\/wp-json\/wp\/v2\/posts\/18259\/revisions\/18451"}],"wp:attachment":[{"href":"https:\/\/blogs.fu-berlin.de\/bibliotheken\/wp-json\/wp\/v2\/media?parent=18259"}],"wp:term":[{"taxonomy":"category","embeddable":true,"href":"https:\/\/blogs.fu-berlin.de\/bibliotheken\/wp-json\/wp\/v2\/categories?post=18259"},{"taxonomy":"post_tag","embeddable":true,"href":"https:\/\/blogs.fu-berlin.de\/bibliotheken\/wp-json\/wp\/v2\/tags?post=18259"}],"curies":[{"name":"wp","href":"https:\/\/api.w.org\/{rel}","templated":true}]}}