{"id":1826,"date":"2009-07-02T13:16:18","date_gmt":"2009-07-02T12:16:18","guid":{"rendered":"https:\/\/blogs.fu-berlin.de\/bibliotheken\/?p=1826"},"modified":"2009-07-02T13:32:07","modified_gmt":"2009-07-02T12:32:07","slug":"von-der-schweiz-des-19-jh-ins-new-york-der-gegenwart","status":"publish","type":"post","link":"https:\/\/blogs.fu-berlin.de\/bibliotheken\/2009\/07\/02\/von-der-schweiz-des-19-jh-ins-new-york-der-gegenwart\/","title":{"rendered":"Von der Schweiz des 19. Jh. ins New York der Gegenwart"},"content":{"rendered":"<p>In den letzten Wochen haben wieder mehrere freie Ressourcen den Sprung in die Digitale Bibliothek geschafft. Es handelt sich ausnahmslos um kostenfreie Zeitungs- und Zeitschriftenarchive, die sowohl FU-Mitglieder als auch externe Benutzer bequem von zu Hause aus einsehen k\u00f6nnen:<\/p>\n<p><strong><a href=\"https:\/\/www.letempsarchives.ch\/\">Le Temps &#8211; Archive historique:<\/a><\/strong> Das Archiv bietet Zugang zu allen Ausgaben der Schweizer Tageszeitung <em>Journal de Gen\u00e8ve<\/em>. Das franz\u00f6sischsprachige, liberale Blatt ist einer der Vorg\u00e4nger der heute verlegten Zeitung <em>Le Temps<\/em> und erschien vom 6. Januar 1826 bis 28. Februar 1998. Das Journal hat die Schweiz \u00fcber Jahrzehnte hinweg auf politischer, wirtschaftlicher, kultureller und gesellschaftlicher Ebene gepr\u00e4gt und war ein konstanter und h\u00e4ufig engagierter Zeuge des Weltgeschehens und ein st\u00e4ndiger Verfolger der Meinungsdebatten.<\/p>\n<p><a href=\"https:\/\/diepresse.com\/user\/search.do?detailForm=true&amp;showDetailForm=true&amp;resetForm=1&amp;resultsPage=0\"><strong>DiePresse.com:<\/strong><\/a> Die Presse geh\u00f6rt zu den f\u00fchrenden Qualit\u00e4ts-Tageszeitungen in \u00d6sterreich. Sie ist parteipolitisch unabh\u00e4ngig und b\u00fcrgerlich-liberal orientiert. Sie hat ihre Schwerpunkte in Politik, Wirtschaft und Kultur. Das kostenfreie Online-Archiv enth\u00e4lt Artikel im Volltext ab dem Jahr 2001, sowie den Zugriff auf die Digitalisate der <em>Presse <\/em>und <em>Neuen freien Presse<\/em> der Jahrg\u00e4nge 1848 bis 1937 aus der ebenfalls in der Digitalen Bibliothek enthaltenen Datenank <a href=\"https:\/\/vs13.kobv.de\/V\/?func=find-db-1-title&amp;mode=titles&amp;azlist=N&amp;scan_utf=&amp;scan_start=anno&amp;search_type=contains&amp;restricted=all\">ANNO<\/a>.<\/p>\n<p><strong><a href=\"https:\/\/suche.abendblatt.de\/ashao\/\">Hamburger Abendblatt:<\/a><\/strong> Das Archiv der Hamburger-Abendblatt-Redaktion bietet Zugriff auf Artikel von 1948 bis heute. Die Tageszeitung ist eine der am meisten gelesenen in der Metropol-Region Hamburg. Sie gilt auch als eine der innovativsten und erfolgreichsten regionalen Abonnement-Zeitungen Deutschlands, in der nicht nur \u00fcber lokale Themen, sondern auch \u00fcber nationale und internationale Ereignisse in Politik, Wirtschaft, Kultur, Sport und Wissenschaft berichtet wird.<\/p>\n<p><strong><a href=\"https:\/\/www.newyorker.com\/archive\">The New Yorker:<\/a><\/strong> Obwohl kulturell auf die amerikanische Gro\u00dfstadt ausgerichtet, erreicht das seit 1925 herausgegebene Magazin ein breites Publikum. Das Angebot des New Yorker ist vielf\u00e4ltig und enth\u00e4lt Cartoons, Lyrik, Portr\u00e4ts und vieles mehr. Zu den bisher ver\u00f6ffentlichten Autoren z\u00e4hlen so bekannte Literaten wie Roald Dahl, Vladimir Nabokov oder John Updike. Im Online-Archiv ist der Gro\u00dfteil der seit 2001 ver\u00f6ffentlichten Artikel kostenfrei abrufbar. Vor 2001 sind die Artikel nur in Auswahl bzw. als Abstracts zug\u00e4nglich und durchsuchbar.<\/p>\n<p>Nicht mehr in der Digitalen Bibliothek enthalten ist die erst k\u00fcrzlich eingepflegte <strong>Bibel in gerechter Sprache<\/strong>, da es sich bei diesem Titel &#8222;nur&#8220; um ein normales PDF-Dokument handelt, ohne jegliche Datenbankstruktur. F\u00fcr Benutzer im Campusnetz bzw. FU-Mitglieder von zu Hause aus ist die Ressource aber weiterhin \u00fcber einen Link im <a href=\"https:\/\/sf4.ub.fu-berlin.de\/F\/?func=full-set-set&amp;set_number=032959&amp;set_entry=000002&amp;format=999\">Online-Katalog<\/a> zu erreichen <img decoding=\"async\" class=\"wp-smiley\" src=\"https:\/\/blogs.fu-berlin.de\/bibliotheken\/wp-includes\/images\/smilies\/icon_wink.gif\" alt=\";-)\" \/>.<\/p>\n<h6>Sie kennen ein Online-Zeitschrifenarchiv, das in der Digitalen Bibliothek nicht fehlen darf? Dann immer her damit, wir freuen uns \u00fcber <a href=\"https:\/\/www.ub.fu-berlin.de\/it\/mfr\/mfr.php\">Ihre Vorschl\u00e4ge<\/a>!<\/h6>\n","protected":false},"excerpt":{"rendered":"<p>In den letzten Wochen haben wieder mehrere freie Ressourcen den Sprung in die Digitale Bibliothek geschafft. Es handelt sich ausnahmslos um kostenfreie Zeitungs- und Zeitschriftenarchive, die sowohl FU-Mitglieder als auch externe Benutzer bequem von zu Hause aus einsehen k\u00f6nnen: Le Temps &#8211; Archive historique: Das Archiv bietet Zugang zu allen Ausgaben der Schweizer Tageszeitung Journal &hellip; <a href=\"https:\/\/blogs.fu-berlin.de\/bibliotheken\/2009\/07\/02\/von-der-schweiz-des-19-jh-ins-new-york-der-gegenwart\/\" class=\"more-link\"><span class=\"screen-reader-text\">\u201eVon der Schweiz des 19. Jh. ins New York der Gegenwart\u201c<\/span> weiterlesen<\/a><\/p>\n","protected":false},"author":293,"featured_media":0,"comment_status":"open","ping_status":"open","sticky":false,"template":"","format":"standard","meta":{"footnotes":""},"categories":[584805],"tags":[564,57463,548,640],"class_list":["post-1826","post","type-post","status-publish","format-standard","hentry","category-was-ist-neu","tag-datenbank","tag-digitale-bibliothek","tag-e-zeitschriften","tag-lizenzfrei"],"_links":{"self":[{"href":"https:\/\/blogs.fu-berlin.de\/bibliotheken\/wp-json\/wp\/v2\/posts\/1826","targetHints":{"allow":["GET"]}}],"collection":[{"href":"https:\/\/blogs.fu-berlin.de\/bibliotheken\/wp-json\/wp\/v2\/posts"}],"about":[{"href":"https:\/\/blogs.fu-berlin.de\/bibliotheken\/wp-json\/wp\/v2\/types\/post"}],"author":[{"embeddable":true,"href":"https:\/\/blogs.fu-berlin.de\/bibliotheken\/wp-json\/wp\/v2\/users\/293"}],"replies":[{"embeddable":true,"href":"https:\/\/blogs.fu-berlin.de\/bibliotheken\/wp-json\/wp\/v2\/comments?post=1826"}],"version-history":[{"count":11,"href":"https:\/\/blogs.fu-berlin.de\/bibliotheken\/wp-json\/wp\/v2\/posts\/1826\/revisions"}],"predecessor-version":[{"id":1923,"href":"https:\/\/blogs.fu-berlin.de\/bibliotheken\/wp-json\/wp\/v2\/posts\/1826\/revisions\/1923"}],"wp:attachment":[{"href":"https:\/\/blogs.fu-berlin.de\/bibliotheken\/wp-json\/wp\/v2\/media?parent=1826"}],"wp:term":[{"taxonomy":"category","embeddable":true,"href":"https:\/\/blogs.fu-berlin.de\/bibliotheken\/wp-json\/wp\/v2\/categories?post=1826"},{"taxonomy":"post_tag","embeddable":true,"href":"https:\/\/blogs.fu-berlin.de\/bibliotheken\/wp-json\/wp\/v2\/tags?post=1826"}],"curies":[{"name":"wp","href":"https:\/\/api.w.org\/{rel}","templated":true}]}}