{"id":18315,"date":"2015-09-29T10:27:50","date_gmt":"2015-09-29T09:27:50","guid":{"rendered":"https:\/\/blogs.fu-berlin.de\/bibliotheken\/?p=18315"},"modified":"2015-09-29T11:56:44","modified_gmt":"2015-09-29T10:56:44","slug":"gruppenarbeitsraeume-in-der-universitaetsbibliothek-ab-dem-1-oktober-wieder-nutzbar","status":"publish","type":"post","link":"https:\/\/blogs.fu-berlin.de\/bibliotheken\/2015\/09\/29\/gruppenarbeitsraeume-in-der-universitaetsbibliothek-ab-dem-1-oktober-wieder-nutzbar\/","title":{"rendered":"Gruppenarbeitsr\u00e4ume in der Universit\u00e4tsbibliothek ab dem 1. Oktober wieder nutzbar"},"content":{"rendered":"<p>Ab dem 1. Oktober 2015 sind die Gruppenarbeitsr\u00e4ume der UB im 1. OG der Br\u00fccke \u00fcber die Harnackstra\u00dfe wieder nutzbar. FU-Angeh\u00f6rige k\u00f6nnen die R\u00e4ume online buchen (<a href=\"https:\/\/www.ub.fu-berlin.de\/service_neu\/arbeitsplatz\/raumbuchung\/\" target=\"_blank\">Infos und Link zum Buchungssystem auf der UB-Homepage<\/a>).<\/p>\n<p>Die Schl\u00fcssel f\u00fcr die R\u00e4ume sowie ggf. Kabelboxen f\u00fcr die Smartboards bekommen Sie im Foyer der Universit\u00e4tsbibliothek, Garystr. 39. Der Zugang erfolgt \u00fcber den Henry-Ford-Bau in der Zeit von 9-19 Uhr.<\/p>\n<p>Wir weisen darauf hin, dass es vereinzelt L\u00e4rmbel\u00e4stigungen durch die <a href=\"https:\/\/www.ub.fu-berlin.de\/news\/benutzerinfo_201508.html\" target=\"_blank\">Bauma\u00dfnahmen im angrenzenden Bereich des 1. OGs<\/a> geben kann.<\/p>\n","protected":false},"excerpt":{"rendered":"<p>Ab dem 1. Oktober 2015 sind die Gruppenarbeitsr\u00e4ume der UB im 1. OG der Br\u00fccke \u00fcber die Harnackstra\u00dfe wieder nutzbar. FU-Angeh\u00f6rige k\u00f6nnen die R\u00e4ume online buchen (Infos und Link zum Buchungssystem auf der UB-Homepage). Die Schl\u00fcssel f\u00fcr die R\u00e4ume sowie ggf. Kabelboxen f\u00fcr die Smartboards bekommen Sie im Foyer der Universit\u00e4tsbibliothek, Garystr. 39. Der Zugang &hellip; <a href=\"https:\/\/blogs.fu-berlin.de\/bibliotheken\/2015\/09\/29\/gruppenarbeitsraeume-in-der-universitaetsbibliothek-ab-dem-1-oktober-wieder-nutzbar\/\" class=\"more-link\"><span class=\"screen-reader-text\">\u201eGruppenarbeitsr\u00e4ume in der Universit\u00e4tsbibliothek ab dem 1. Oktober wieder nutzbar\u201c<\/span> weiterlesen<\/a><\/p>\n","protected":false},"author":265,"featured_media":0,"comment_status":"open","ping_status":"open","sticky":false,"template":"","format":"standard","meta":{"footnotes":""},"categories":[601],"tags":[56880],"class_list":["post-18315","post","type-post","status-publish","format-standard","hentry","category-universitatsbibliothek","tag-gruppenarbeitsraeume"],"_links":{"self":[{"href":"https:\/\/blogs.fu-berlin.de\/bibliotheken\/wp-json\/wp\/v2\/posts\/18315","targetHints":{"allow":["GET"]}}],"collection":[{"href":"https:\/\/blogs.fu-berlin.de\/bibliotheken\/wp-json\/wp\/v2\/posts"}],"about":[{"href":"https:\/\/blogs.fu-berlin.de\/bibliotheken\/wp-json\/wp\/v2\/types\/post"}],"author":[{"embeddable":true,"href":"https:\/\/blogs.fu-berlin.de\/bibliotheken\/wp-json\/wp\/v2\/users\/265"}],"replies":[{"embeddable":true,"href":"https:\/\/blogs.fu-berlin.de\/bibliotheken\/wp-json\/wp\/v2\/comments?post=18315"}],"version-history":[{"count":6,"href":"https:\/\/blogs.fu-berlin.de\/bibliotheken\/wp-json\/wp\/v2\/posts\/18315\/revisions"}],"predecessor-version":[{"id":18334,"href":"https:\/\/blogs.fu-berlin.de\/bibliotheken\/wp-json\/wp\/v2\/posts\/18315\/revisions\/18334"}],"wp:attachment":[{"href":"https:\/\/blogs.fu-berlin.de\/bibliotheken\/wp-json\/wp\/v2\/media?parent=18315"}],"wp:term":[{"taxonomy":"category","embeddable":true,"href":"https:\/\/blogs.fu-berlin.de\/bibliotheken\/wp-json\/wp\/v2\/categories?post=18315"},{"taxonomy":"post_tag","embeddable":true,"href":"https:\/\/blogs.fu-berlin.de\/bibliotheken\/wp-json\/wp\/v2\/tags?post=18315"}],"curies":[{"name":"wp","href":"https:\/\/api.w.org\/{rel}","templated":true}]}}