{"id":18318,"date":"2015-10-15T09:00:48","date_gmt":"2015-10-15T08:00:48","guid":{"rendered":"https:\/\/blogs.fu-berlin.de\/bibliotheken\/?p=18318"},"modified":"2021-09-17T13:01:47","modified_gmt":"2021-09-17T12:01:47","slug":"karte-der-zensur","status":"publish","type":"post","link":"https:\/\/blogs.fu-berlin.de\/bibliotheken\/2015\/10\/15\/karte-der-zensur\/","title":{"rendered":"Karte der Zensur"},"content":{"rendered":"\n<p><em><span class=\"has-inline-color has-bright-red-color\">Der Betrieb des \u201eDokumentationszentrums UN \u2013 EU\u201c wird eingestellt. Die entsprechende Literatur bleibt im Bestand und ist weiterhin zug\u00e4nglich.<\/span><\/em><\/p>\n\n\n<p><a href=\"https:\/\/blogs.fu-berlin.de\/bibliotheken\/files\/2015\/09\/Mapping-media-freedom.jpg\"><img loading=\"lazy\" decoding=\"async\" class=\" size-medium wp-image-18321 alignright\" src=\"https:\/\/blogs.fu-berlin.de\/bibliotheken\/files\/2015\/09\/Mapping-media-freedom-300x283.jpg\" alt=\"Mapping_media_freedom\" width=\"300\" height=\"283\" srcset=\"https:\/\/blogs.fu-berlin.de\/bibliotheken\/files\/2015\/09\/Mapping-media-freedom-300x283.jpg 300w, https:\/\/blogs.fu-berlin.de\/bibliotheken\/files\/2015\/09\/Mapping-media-freedom.jpg 585w\" sizes=\"auto, (max-width: 300px) 85vw, 300px\" \/><\/a>Aus einer Zusammenarbeit der Organisationen <a href=\"https:\/\/www.reporter-ohne-grenzen.de\/\">Reporter ohne Grenzen<\/a>, <a href=\"https:\/\/www.indexoncensorship.org\/\">Index on Censorship<\/a> und der <a href=\"https:\/\/europeanjournalists.org\/\">Europ\u00e4ischen Journalisten F\u00f6rderation (EJF)<\/a>, einem Zweig der <a href=\"https:\/\/www.ifj.org\/\">Internationalen Journalisten F\u00f6rderation (IJF)<\/a> ist mithilfe der Finanzierung durch die <a href=\"https:\/\/ec.europa.eu\/index_de.htm\">Europ\u00e4ische Kommission<\/a> ein Projekt entstanden, welches die Verletzung der Pressefreiheit, die Zensur und die Bedrohung von Journalisten in den Staaten der Europ\u00e4ischen Union sowie den Nachbarstaaten visualisiert.<\/p>\n<p>Die Angaben \u00fcber die Pressezensur bei <a href=\"https:\/\/mappingmediafreedom.org\/#\/\">Mapping Media Freedom<\/a> werden per Crowdsourcing gesammelt, das hei\u00dft, jeder kann einen Vorfall melden. Durch die Angabe zum Ort des Geschehens werden die Vorf\u00e4lle einer Karte zugeordnet, \u00fcber die man eine gute \u00dcbersicht erh\u00e4lt. Zus\u00e4tzlich sind alle Vorf\u00e4lle auch filter- und herunterladbar.<\/p>\n<p>&nbsp;<\/p>\n<p>Noch mehr Informationen zur EU bekommen Sie in unserem <a href=\"https:\/\/www.ub.fu-berlin.de\/bibliothek\/uneu\/\">Dokumentationszentrum&nbsp;UN-EU<\/a>.<\/p>","protected":false},"excerpt":{"rendered":"<p>Der Betrieb des \u201eDokumentationszentrums UN \u2013 EU\u201c wird eingestellt. Die entsprechende Literatur bleibt im Bestand und ist weiterhin zug\u00e4nglich. Aus einer Zusammenarbeit der Organisationen Reporter ohne Grenzen, Index on Censorship und der Europ\u00e4ischen Journalisten F\u00f6rderation (EJF), einem Zweig der Internationalen Journalisten F\u00f6rderation (IJF) ist mithilfe der Finanzierung durch die Europ\u00e4ische Kommission ein Projekt entstanden, welches &hellip; <a href=\"https:\/\/blogs.fu-berlin.de\/bibliotheken\/2015\/10\/15\/karte-der-zensur\/\" class=\"more-link\"><span class=\"screen-reader-text\">\u201eKarte der Zensur\u201c<\/span> weiterlesen<\/a><\/p>\n","protected":false},"author":343,"featured_media":0,"comment_status":"open","ping_status":"open","sticky":false,"template":"","format":"standard","meta":{"footnotes":""},"categories":[604,493],"tags":[2458,1978,541,880],"class_list":["post-18318","post","type-post","status-publish","format-standard","hentry","category-ins-netz-geschaut","category-recherchetipps","tag-dokumentationszentrum-un-eu","tag-eu","tag-journalismus","tag-zensur"],"_links":{"self":[{"href":"https:\/\/blogs.fu-berlin.de\/bibliotheken\/wp-json\/wp\/v2\/posts\/18318","targetHints":{"allow":["GET"]}}],"collection":[{"href":"https:\/\/blogs.fu-berlin.de\/bibliotheken\/wp-json\/wp\/v2\/posts"}],"about":[{"href":"https:\/\/blogs.fu-berlin.de\/bibliotheken\/wp-json\/wp\/v2\/types\/post"}],"author":[{"embeddable":true,"href":"https:\/\/blogs.fu-berlin.de\/bibliotheken\/wp-json\/wp\/v2\/users\/343"}],"replies":[{"embeddable":true,"href":"https:\/\/blogs.fu-berlin.de\/bibliotheken\/wp-json\/wp\/v2\/comments?post=18318"}],"version-history":[{"count":5,"href":"https:\/\/blogs.fu-berlin.de\/bibliotheken\/wp-json\/wp\/v2\/posts\/18318\/revisions"}],"predecessor-version":[{"id":29733,"href":"https:\/\/blogs.fu-berlin.de\/bibliotheken\/wp-json\/wp\/v2\/posts\/18318\/revisions\/29733"}],"wp:attachment":[{"href":"https:\/\/blogs.fu-berlin.de\/bibliotheken\/wp-json\/wp\/v2\/media?parent=18318"}],"wp:term":[{"taxonomy":"category","embeddable":true,"href":"https:\/\/blogs.fu-berlin.de\/bibliotheken\/wp-json\/wp\/v2\/categories?post=18318"},{"taxonomy":"post_tag","embeddable":true,"href":"https:\/\/blogs.fu-berlin.de\/bibliotheken\/wp-json\/wp\/v2\/tags?post=18318"}],"curies":[{"name":"wp","href":"https:\/\/api.w.org\/{rel}","templated":true}]}}