{"id":18354,"date":"2015-10-08T09:46:35","date_gmt":"2015-10-08T08:46:35","guid":{"rendered":"https:\/\/blogs.fu-berlin.de\/bibliotheken\/?p=18354"},"modified":"2021-09-16T11:20:37","modified_gmt":"2021-09-16T10:20:37","slug":"heute-um-14-20-uhr-koennen-sie-sich-ueber-ttip-und-ceta-informieren","status":"publish","type":"post","link":"https:\/\/blogs.fu-berlin.de\/bibliotheken\/2015\/10\/08\/heute-um-14-20-uhr-koennen-sie-sich-ueber-ttip-und-ceta-informieren\/","title":{"rendered":"Heute um 14.20 Uhr k\u00f6nnen Sie sich \u00fcber TTIP und CETA informieren"},"content":{"rendered":"\n<p><em><span class=\"has-inline-color has-bright-red-color\">Der Betrieb des \u201eDokumentationszentrums UN \u2013 EU\u201c wird eingestellt. Die entsprechende Literatur bleibt im Bestand und ist weiterhin zug\u00e4nglich.<\/span><\/em><\/p>\n\n\n<p>Lutz G\u00fcllner, Europ\u00e4ische Kommission, Stv. Referatsleiter f\u00fcr Kommunikation der Generaldirektion Handel, ist bereit, den deutschen Facebook-Nutzern&nbsp; heute um 14.30 Uhr Rede und Antwort zu stehen: <a href=\"https:\/\/www.facebook.com\/eu.kommission\">https:\/\/www.facebook.com\/eu.kommission<\/a><a href=\"https:\/\/blogs.fu-berlin.de\/bibliotheken\/files\/2015\/10\/TTIP2.jpg\"><img loading=\"lazy\" decoding=\"async\" class=\"alignright size-medium wp-image-18355\" src=\"https:\/\/blogs.fu-berlin.de\/bibliotheken\/files\/2015\/10\/TTIP2-300x150.jpg\" alt=\"TTIP2\" width=\"300\" height=\"150\" srcset=\"https:\/\/blogs.fu-berlin.de\/bibliotheken\/files\/2015\/10\/TTIP2-300x150.jpg 300w, https:\/\/blogs.fu-berlin.de\/bibliotheken\/files\/2015\/10\/TTIP2.jpg 562w\" sizes=\"auto, (max-width: 300px) 85vw, 300px\" \/><\/a><\/p>\n<p>&nbsp;<\/p>\n<p>&nbsp;<\/p>\n<p>&nbsp;<\/p>\n<p>Hilfe bei der Literatursuche zum Thema bietet auch das <a href=\"https:\/\/www.ub.fu-berlin.de\/bibliothek\/uneu\/\">Dokumentationszentrum UN-EU der Universi\u00e4tsbibliothek<\/a><\/p>","protected":false},"excerpt":{"rendered":"<p>Der Betrieb des \u201eDokumentationszentrums UN \u2013 EU\u201c wird eingestellt. Die entsprechende Literatur bleibt im Bestand und ist weiterhin zug\u00e4nglich. Lutz G\u00fcllner, Europ\u00e4ische Kommission, Stv. Referatsleiter f\u00fcr Kommunikation der Generaldirektion Handel, ist bereit, den deutschen Facebook-Nutzern&nbsp; heute um 14.30 Uhr Rede und Antwort zu stehen: https:\/\/www.facebook.com\/eu.kommission &nbsp; &nbsp; &nbsp; Hilfe bei der Literatursuche zum Thema bietet &hellip; <a href=\"https:\/\/blogs.fu-berlin.de\/bibliotheken\/2015\/10\/08\/heute-um-14-20-uhr-koennen-sie-sich-ueber-ttip-und-ceta-informieren\/\" class=\"more-link\"><span class=\"screen-reader-text\">\u201eHeute um 14.20 Uhr k\u00f6nnen Sie sich \u00fcber TTIP und CETA informieren\u201c<\/span> weiterlesen<\/a><\/p>\n","protected":false},"author":877,"featured_media":0,"comment_status":"open","ping_status":"open","sticky":false,"template":"","format":"standard","meta":{"footnotes":""},"categories":[9],"tags":[56882,2458,18607],"class_list":["post-18354","post","type-post","status-publish","format-standard","hentry","category-allgemein","tag-ceta","tag-dokumentationszentrum-un-eu","tag-ttip"],"_links":{"self":[{"href":"https:\/\/blogs.fu-berlin.de\/bibliotheken\/wp-json\/wp\/v2\/posts\/18354","targetHints":{"allow":["GET"]}}],"collection":[{"href":"https:\/\/blogs.fu-berlin.de\/bibliotheken\/wp-json\/wp\/v2\/posts"}],"about":[{"href":"https:\/\/blogs.fu-berlin.de\/bibliotheken\/wp-json\/wp\/v2\/types\/post"}],"author":[{"embeddable":true,"href":"https:\/\/blogs.fu-berlin.de\/bibliotheken\/wp-json\/wp\/v2\/users\/877"}],"replies":[{"embeddable":true,"href":"https:\/\/blogs.fu-berlin.de\/bibliotheken\/wp-json\/wp\/v2\/comments?post=18354"}],"version-history":[{"count":5,"href":"https:\/\/blogs.fu-berlin.de\/bibliotheken\/wp-json\/wp\/v2\/posts\/18354\/revisions"}],"predecessor-version":[{"id":29555,"href":"https:\/\/blogs.fu-berlin.de\/bibliotheken\/wp-json\/wp\/v2\/posts\/18354\/revisions\/29555"}],"wp:attachment":[{"href":"https:\/\/blogs.fu-berlin.de\/bibliotheken\/wp-json\/wp\/v2\/media?parent=18354"}],"wp:term":[{"taxonomy":"category","embeddable":true,"href":"https:\/\/blogs.fu-berlin.de\/bibliotheken\/wp-json\/wp\/v2\/categories?post=18354"},{"taxonomy":"post_tag","embeddable":true,"href":"https:\/\/blogs.fu-berlin.de\/bibliotheken\/wp-json\/wp\/v2\/tags?post=18354"}],"curies":[{"name":"wp","href":"https:\/\/api.w.org\/{rel}","templated":true}]}}