{"id":18393,"date":"2015-11-05T10:15:36","date_gmt":"2015-11-05T09:15:36","guid":{"rendered":"https:\/\/blogs.fu-berlin.de\/bibliotheken\/?p=18393"},"modified":"2016-12-21T10:26:51","modified_gmt":"2016-12-21T09:26:51","slug":"universitaetsbiliothek-gibt-gestohlenes-buch-zurueck","status":"publish","type":"post","link":"https:\/\/blogs.fu-berlin.de\/bibliotheken\/2015\/11\/05\/universitaetsbiliothek-gibt-gestohlenes-buch-zurueck\/","title":{"rendered":"Universit\u00e4tsbibliothek gibt gestohlenes Buch zur\u00fcck."},"content":{"rendered":"<figure id=\"attachment_18397\" aria-describedby=\"caption-attachment-18397\" style=\"width: 116px\" class=\"wp-caption alignleft\"><a href=\"https:\/\/blogs.fu-berlin.de\/bibliotheken\/files\/2015\/10\/116px-Karl_Kautsky_01.jpg\"><img loading=\"lazy\" decoding=\"async\" class=\"wp-image-18397 size-full\" src=\"https:\/\/blogs.fu-berlin.de\/bibliotheken\/files\/2015\/10\/116px-Karl_Kautsky_01.jpg\" alt=\"Karl Kautsky\" width=\"116\" height=\"145\" \/><\/a><figcaption id=\"caption-attachment-18397\" class=\"wp-caption-text\">Karl Kautsky, Quelle: Wikipedia<\/figcaption><\/figure>\n<p style=\"text-align: justify\">Die Universit\u00e4tsbibliothek hat im Rahmen ihrer Bem\u00fchungen um die R\u00fcckgabe von zwischen 1933 und 1945 j\u00fcdischen B\u00fcrgern und B\u00fcrgerinnen, politischen Gegnern des nationalsozialistischen Regimes und anderen Verfolgten ein Buch mit dem Titel <em>Von Marburg bis Monastir<\/em>, geschrieben und signiert von <a href=\"https:\/\/de.wikipedia.org\/wiki\/Hermann_Wendel\" target=\"_blank\">Hermann Wendel<\/a>,<em>\u00a0<\/em>aus der Bibliothek des Sozialdemokraten <a href=\"https:\/\/de.wikipedia.org\/wiki\/Karl_Kautsky\" target=\"_blank\">Karl Kautsky<\/a> (1854-1938) an das International Institute of Social History zur\u00fcckgeben k\u00f6nnen.<br \/>\nDas Buch kam Ende der 1970er Jahre durch den Ankauf einer Bibliothek sozialistischer Literatur in den Bestand der Universit\u00e4tsbibliothek. Diese Sammlung geh\u00f6rte urspr\u00fcnglich dem R\u00e4tekommunisten <a href=\"https:\/\/de.wikipedia.org\/wiki\/Alfred_Weiland\" target=\"_blank\">Alfred Weiland<\/a> (1906-1978). Dieser hatte sie seit Ende des Zweiten Weltkrieges zusammengestellt und dabei auch Literatur aus in Berlin gelagerten enteigneten B\u00fcchern aufgenommen. Heute weist die Sammlung etwa 160 Vorbesitzermerkmale in Form von handschriftlichen Namenseintr\u00e4gen, Stempeln und Exlibris auf, welche unter Verdacht stehen durch die Nationalsozialisten gestohlen worden zu sein.<\/p>\n<p style=\"text-align: justify\">Mehr zu unserer Stabstelle NS-Raub- und Beutegut sowie deren Arbeit gibt es <a href=\"https:\/\/www.fu-berlin.de\/presse\/publikationen\/tsp\/2014\/ts_20140222\/tagesspiegel-20140222-41\/\" target=\"_blank\">hier<\/a>. Zur R\u00fcckgabe selbst und zur Geschichte des Nachlasses sowie der Bibliothek von Karl Kautsky gibt es <a href=\"https:\/\/socialhistory.org\/en\/news\/robbed-book-returned-iish\" target=\"_blank\">hier weitere Informationen<\/a>.<\/p>\n<figure id=\"attachment_18493\" aria-describedby=\"caption-attachment-18493\" style=\"width: 194px\" class=\"wp-caption alignleft\"><a href=\"https:\/\/blogs.fu-berlin.de\/bibliotheken\/files\/2015\/10\/Postkarte-Wendel.jpg\"><img loading=\"lazy\" decoding=\"async\" class=\" wp-image-18493\" src=\"https:\/\/blogs.fu-berlin.de\/bibliotheken\/files\/2015\/10\/Postkarte-Wendel-150x150.jpg\" alt=\"Postkarte Wendel\" width=\"194\" height=\"194\" \/><\/a><figcaption id=\"caption-attachment-18493\" class=\"wp-caption-text\">Postkarte Wendel, \u00a9 ub-webteam<\/figcaption><\/figure>\n<p style=\"text-align: justify\">\u00a0<strong>Update 05.11.2015:<\/strong> Just in diesen Tagen schickte uns das\u00a0International Institute of Social History noch eine Postkarte die Hermann Wendel an Kautsky schrieb. Dort fragt Wendel nach, ob Kautsky das Buch erhalten habe. Hier der Text der Karte im Wortlaut:<\/p>\n<p style=\"text-align: justify\">&#8222;Verehrter Genosse Kautsky,<\/p>\n<p style=\"text-align: justify\">ich hoffe, dass der Verlag Perthes Ihnen das \u201eRisorgimento\u201c zugesandt hat; \u201eVon Marburg bis Monastir\u201c sandte ich Ihnen selbst vor X Tagen. Von beiden B\u00fcchern macht es mir Freude, wenn Sie sie nun lesen; sollten Sie dazu kommen, \u00fcber das \u201eRisogimento\u201c etwas zu schreiben, wird meine Freude nat\u00fcrlich noch gr\u00f6\u00dfer sein, aber deshalb habe ich Ihnen nicht geschrieben. Die \u201eSchool of Slavien Studies at King\u2019s College in the University of London\u201c hat mich auf Grund meiner Arbeit \u00fcber die S\u00fcdslawen zum korrespondierenden Mitglied ernannt, aber dass der \u201eVorw\u00e4rts\u201c nur daran gedacht h\u00e4tte, eines dieser B\u00fccher zu besprechen \u2013 kein Gedanke!<\/p>\n<p>&nbsp;<\/p>\n<p>Mit besten Gr\u00fc\u00dfe H.W.&#8220;<\/p>\n","protected":false},"excerpt":{"rendered":"<p>Die Universit\u00e4tsbibliothek hat im Rahmen ihrer Bem\u00fchungen um die R\u00fcckgabe von zwischen 1933 und 1945 j\u00fcdischen B\u00fcrgern und B\u00fcrgerinnen, politischen Gegnern des nationalsozialistischen Regimes und anderen Verfolgten ein Buch mit dem Titel Von Marburg bis Monastir, geschrieben und signiert von Hermann Wendel,\u00a0aus der Bibliothek des Sozialdemokraten Karl Kautsky (1854-1938) an das International Institute of Social &hellip; <a href=\"https:\/\/blogs.fu-berlin.de\/bibliotheken\/2015\/11\/05\/universitaetsbiliothek-gibt-gestohlenes-buch-zurueck\/\" class=\"more-link\"><span class=\"screen-reader-text\">\u201eUniversit\u00e4tsbibliothek gibt gestohlenes Buch zur\u00fcck.\u201c<\/span> weiterlesen<\/a><\/p>\n","protected":false},"author":2171,"featured_media":0,"comment_status":"open","ping_status":"open","sticky":false,"template":"","format":"standard","meta":{"footnotes":""},"categories":[601],"tags":[56884,56885,12078],"class_list":["post-18393","post","type-post","status-publish","format-standard","hentry","category-universitatsbibliothek","tag-karl-kautsky","tag-ns-beutegut","tag-ns-raubgut"],"_links":{"self":[{"href":"https:\/\/blogs.fu-berlin.de\/bibliotheken\/wp-json\/wp\/v2\/posts\/18393","targetHints":{"allow":["GET"]}}],"collection":[{"href":"https:\/\/blogs.fu-berlin.de\/bibliotheken\/wp-json\/wp\/v2\/posts"}],"about":[{"href":"https:\/\/blogs.fu-berlin.de\/bibliotheken\/wp-json\/wp\/v2\/types\/post"}],"author":[{"embeddable":true,"href":"https:\/\/blogs.fu-berlin.de\/bibliotheken\/wp-json\/wp\/v2\/users\/2171"}],"replies":[{"embeddable":true,"href":"https:\/\/blogs.fu-berlin.de\/bibliotheken\/wp-json\/wp\/v2\/comments?post=18393"}],"version-history":[{"count":8,"href":"https:\/\/blogs.fu-berlin.de\/bibliotheken\/wp-json\/wp\/v2\/posts\/18393\/revisions"}],"predecessor-version":[{"id":20266,"href":"https:\/\/blogs.fu-berlin.de\/bibliotheken\/wp-json\/wp\/v2\/posts\/18393\/revisions\/20266"}],"wp:attachment":[{"href":"https:\/\/blogs.fu-berlin.de\/bibliotheken\/wp-json\/wp\/v2\/media?parent=18393"}],"wp:term":[{"taxonomy":"category","embeddable":true,"href":"https:\/\/blogs.fu-berlin.de\/bibliotheken\/wp-json\/wp\/v2\/categories?post=18393"},{"taxonomy":"post_tag","embeddable":true,"href":"https:\/\/blogs.fu-berlin.de\/bibliotheken\/wp-json\/wp\/v2\/tags?post=18393"}],"curies":[{"name":"wp","href":"https:\/\/api.w.org\/{rel}","templated":true}]}}