{"id":18440,"date":"2015-10-22T11:38:13","date_gmt":"2015-10-22T10:38:13","guid":{"rendered":"https:\/\/blogs.fu-berlin.de\/bibliotheken\/?p=18440"},"modified":"2021-09-17T13:01:28","modified_gmt":"2021-09-17T12:01:28","slug":"rede-von-aussenminister-frank-walter-steinmeier-an-der-fu-berlin","status":"publish","type":"post","link":"https:\/\/blogs.fu-berlin.de\/bibliotheken\/2015\/10\/22\/rede-von-aussenminister-frank-walter-steinmeier-an-der-fu-berlin\/","title":{"rendered":"Rede von Au\u00dfenminister Frank-Walter Steinmeier an der FU Berlin"},"content":{"rendered":"\n<p><em><span class=\"has-inline-color has-bright-red-color\">Der Betrieb des \u201eDokumentationszentrums UN \u2013 EU\u201c wird eingestellt. Die entsprechende Literatur bleibt im Bestand und ist weiterhin zug\u00e4nglich.<\/span><\/em><\/p>\n\n\n<p><figure id=\"attachment_18442\" aria-describedby=\"caption-attachment-18442\" style=\"width: 300px\" class=\"wp-caption alignright\"><a href=\"https:\/\/blogs.fu-berlin.de\/bibliotheken\/files\/2015\/10\/fup-321-2015-steinmeier_1.jpg\"><img loading=\"lazy\" decoding=\"async\" class=\"size-medium wp-image-18442\" src=\"https:\/\/blogs.fu-berlin.de\/bibliotheken\/files\/2015\/10\/fup-321-2015-steinmeier_1-300x199.jpg\" alt=\"Bundesau\u00dfenminister Dr. Frank-Walter Steinmeier\" width=\"300\" height=\"199\"><\/a><figcaption id=\"caption-attachment-18442\" class=\"wp-caption-text\">Bundesau\u00dfenminister Dr. Frank-Walter Steinmeier<br>(Quelle: Bernd Wannenmacher)<\/figcaption><\/figure><\/p>\n<p>Am vergangenen Mittwoch den 21.10.2015 fand die Veranstaltung <a href=\"https:\/\/blogs.fu-berlin.de\/bibliotheken\/2015\/10\/14\/welt-aus-den-fugen-was-haelt-uns-zusammen\/\">&#8222;Welt aus den Fugen &#8211; was h\u00e4lt uns zusammen?&#8220;<\/a> im Henry-Ford-Bau der Freien Universit\u00e4t statt. Anlass war das 70-j\u00e4hrige Jubil\u00e4um der Vereinten Nationen. Im Rahmen dessen hielt auch Bundesau\u00dfenminister Frank-Walter Steinmeier eine Festrede mit dem Titel &#8222;<strong>Welt aus den Fugen &#8211; was h\u00e4lt uns zusammen? Die internationale Ordnung 70 Jahre nach Gr\u00fcndung der Vereinten Nationen.<\/strong>&#8222;. Diese Festrede kann nun <a href=\"https:\/\/www.auswaertiges-amt.de\/DE\/Infoservice\/Presse\/Reden\/2015\/151021_BM_FU.html\">auf den Seiten des Ausw\u00e4rtigen Amtes<\/a> nachgelesen werden. Die Pressemitteilung der Freien Universit\u00e4t mit Pressefotos gibt es <a href=\"https:\/\/www.fu-berlin.de\/presse\/informationen\/fup\/2015\/fup_15_321-festrede-aussenminister-steinmeier\/index.html\">hier<\/a>.<\/p>\n<p>Organisiert wurde die Veranstaltung von der Freien Universit\u00e4t Berlin und dem dort angesiedelten <a href=\"https:\/\/www.ub.fu-berlin.de\/bibliothek\/uneu\/\" target=\"_blank\" rel=\"noopener noreferrer\">Dokumentationszentrums UN-EU<\/a>.<\/p>\n<p>&nbsp;<\/p>\n<p>Zum selben Anlass fand am gleichen Abend in der Ged\u00e4chtniskirche ein <a href=\"https:\/\/www.dgvn.de\/veranstaltungen\/einzelansicht\/?tx_mjseventpro_pi1[showUid]=597&amp;cHash=357e77ee291a71cd3e125770d30df641\">Festakt<\/a> der&nbsp;<a href=\"https:\/\/www.dgvn.de\">DGVN<\/a> mit Bundespr\u00e4sident a.D. Horst K\u00f6hler statt. Dessen Rede ist <a href=\"https:\/\/www.dgvn.de\/fileadmin\/user_upload\/DOKUMENTE\/Vortraege\/Festakt_K%C3%B6hler\/Rede_K%C3%B6hler.pdf\">hier<\/a> zu finden.<\/p>\n<p>&nbsp;<\/p>","protected":false},"excerpt":{"rendered":"<p>Der Betrieb des \u201eDokumentationszentrums UN \u2013 EU\u201c wird eingestellt. Die entsprechende Literatur bleibt im Bestand und ist weiterhin zug\u00e4nglich. Am vergangenen Mittwoch den 21.10.2015 fand die Veranstaltung &#8222;Welt aus den Fugen &#8211; was h\u00e4lt uns zusammen?&#8220; im Henry-Ford-Bau der Freien Universit\u00e4t statt. Anlass war das 70-j\u00e4hrige Jubil\u00e4um der Vereinten Nationen. Im Rahmen dessen hielt auch &hellip; <a href=\"https:\/\/blogs.fu-berlin.de\/bibliotheken\/2015\/10\/22\/rede-von-aussenminister-frank-walter-steinmeier-an-der-fu-berlin\/\" class=\"more-link\"><span class=\"screen-reader-text\">\u201eRede von Au\u00dfenminister Frank-Walter Steinmeier an der FU Berlin\u201c<\/span> weiterlesen<\/a><\/p>\n","protected":false},"author":343,"featured_media":0,"comment_status":"open","ping_status":"open","sticky":false,"template":"","format":"standard","meta":{"footnotes":""},"categories":[70],"tags":[2458,410,12086],"class_list":["post-18440","post","type-post","status-publish","format-standard","hentry","category-veranstaltungen","tag-dokumentationszentrum-un-eu","tag-jubilaum","tag-vereinte-nationen"],"_links":{"self":[{"href":"https:\/\/blogs.fu-berlin.de\/bibliotheken\/wp-json\/wp\/v2\/posts\/18440","targetHints":{"allow":["GET"]}}],"collection":[{"href":"https:\/\/blogs.fu-berlin.de\/bibliotheken\/wp-json\/wp\/v2\/posts"}],"about":[{"href":"https:\/\/blogs.fu-berlin.de\/bibliotheken\/wp-json\/wp\/v2\/types\/post"}],"author":[{"embeddable":true,"href":"https:\/\/blogs.fu-berlin.de\/bibliotheken\/wp-json\/wp\/v2\/users\/343"}],"replies":[{"embeddable":true,"href":"https:\/\/blogs.fu-berlin.de\/bibliotheken\/wp-json\/wp\/v2\/comments?post=18440"}],"version-history":[{"count":5,"href":"https:\/\/blogs.fu-berlin.de\/bibliotheken\/wp-json\/wp\/v2\/posts\/18440\/revisions"}],"predecessor-version":[{"id":29731,"href":"https:\/\/blogs.fu-berlin.de\/bibliotheken\/wp-json\/wp\/v2\/posts\/18440\/revisions\/29731"}],"wp:attachment":[{"href":"https:\/\/blogs.fu-berlin.de\/bibliotheken\/wp-json\/wp\/v2\/media?parent=18440"}],"wp:term":[{"taxonomy":"category","embeddable":true,"href":"https:\/\/blogs.fu-berlin.de\/bibliotheken\/wp-json\/wp\/v2\/categories?post=18440"},{"taxonomy":"post_tag","embeddable":true,"href":"https:\/\/blogs.fu-berlin.de\/bibliotheken\/wp-json\/wp\/v2\/tags?post=18440"}],"curies":[{"name":"wp","href":"https:\/\/api.w.org\/{rel}","templated":true}]}}