{"id":18465,"date":"2015-11-02T12:48:52","date_gmt":"2015-11-02T11:48:52","guid":{"rendered":"https:\/\/blogs.fu-berlin.de\/bibliotheken\/?p=18465"},"modified":"2015-11-10T10:02:12","modified_gmt":"2015-11-10T09:02:12","slug":"grabungen-an-der-universitaetsbibliothek","status":"publish","type":"post","link":"https:\/\/blogs.fu-berlin.de\/bibliotheken\/2015\/11\/02\/grabungen-an-der-universitaetsbibliothek\/","title":{"rendered":"Grabungen an der Universit\u00e4tsbibliothek"},"content":{"rendered":"<figure id=\"attachment_18469\" aria-describedby=\"caption-attachment-18469\" style=\"width: 150px\" class=\"wp-caption alignleft\"><a href=\"https:\/\/blogs.fu-berlin.de\/bibliotheken\/files\/2015\/11\/Grabungen-UB-02.11.2015.jpg\"><img loading=\"lazy\" decoding=\"async\" class=\"wp-image-18469 size-thumbnail\" src=\"https:\/\/blogs.fu-berlin.de\/bibliotheken\/files\/2015\/11\/Grabungen-UB-02.11.2015-150x150.jpg\" alt=\"\" width=\"150\" height=\"150\" \/><\/a><figcaption id=\"caption-attachment-18469\" class=\"wp-caption-text\">Grabungen an der UB, \u00a9 ub-webteam<\/figcaption><\/figure>\n<p>Wie <a href=\"https:\/\/www.fu-berlin.de\/campusleben\/campus\/2015\/151029-knochen-erdreich-abtragen\/index.html\" target=\"_blank\">campus.l<\/a><a href=\"https:\/\/www.fu-berlin.de\/campusleben\/campus\/2015\/151029-knochen-erdreich-abtragen\/index.html\" target=\"_blank\">eben<\/a> aktuell berichtet, gibt es derzeit\u00a0weitere Grabungen an der Fassade der Universit\u00e4tsbibliothek zur Harnackstra\u00dfe.<\/p>\n<p>Im <a href=\"https:\/\/www.fu-berlin.de\/campusleben\/intern\/2014\/140703_fund\/index.html\" target=\"_blank\">Sommer 2014<\/a> wurden dort bei Bauarbeiten menschliche Knochen gefunden, deren Herkunft bislang ungekl\u00e4rt blieb. Mit den neuen Grabungen soll sichergestellt werden, dass keine Knochen \u00fcbersehen wurden, die helfen k\u00f6nnten \u00fcber deren Herkunft Auskunft zu geben.<\/p>\n<p>Bereits seit August 2015 werden die Bauarbeiten um die Ihnestra\u00dfe 22, wo sich von 1927 bis 1945 das\u00a0<a href=\"https:\/\/de.wikipedia.org\/wiki\/Kaiser-Wilhelm-Institut_f%C3%BCr_Anthropologie,_menschliche_Erblehre_und_Eugenik\" target=\"_blank\">Kaiser-Wilhelm-Institut f\u00fcr Anthropologie, menschliche Erblehre und Eugenik<\/a> befand, durch Arch\u00e4ologen begleitet. Das Kaiser-Wilhelm-Institut f\u00fcr Anthropologie, menschliche Erblehre und Eugenik war fester Bestandteil der Erbgesundheits- und Rassenpolitik der Nationalsozialisten.<\/p>\n","protected":false},"excerpt":{"rendered":"<p>Wie campus.leben aktuell berichtet, gibt es derzeit\u00a0weitere Grabungen an der Fassade der Universit\u00e4tsbibliothek zur Harnackstra\u00dfe. Im Sommer 2014 wurden dort bei Bauarbeiten menschliche Knochen gefunden, deren Herkunft bislang ungekl\u00e4rt blieb. Mit den neuen Grabungen soll sichergestellt werden, dass keine Knochen \u00fcbersehen wurden, die helfen k\u00f6nnten \u00fcber deren Herkunft Auskunft zu geben. Bereits seit August 2015 &hellip; <a href=\"https:\/\/blogs.fu-berlin.de\/bibliotheken\/2015\/11\/02\/grabungen-an-der-universitaetsbibliothek\/\" class=\"more-link\"><span class=\"screen-reader-text\">\u201eGrabungen an der Universit\u00e4tsbibliothek\u201c<\/span> weiterlesen<\/a><\/p>\n","protected":false},"author":2171,"featured_media":0,"comment_status":"open","ping_status":"open","sticky":false,"template":"","format":"standard","meta":{"footnotes":""},"categories":[9],"tags":[2587,56898,56897],"class_list":["post-18465","post","type-post","status-publish","format-standard","hentry","category-allgemein","tag-campus-leben","tag-josef-mengele","tag-kaiser-wilhelm-institut-fuer-anthropologie"],"_links":{"self":[{"href":"https:\/\/blogs.fu-berlin.de\/bibliotheken\/wp-json\/wp\/v2\/posts\/18465","targetHints":{"allow":["GET"]}}],"collection":[{"href":"https:\/\/blogs.fu-berlin.de\/bibliotheken\/wp-json\/wp\/v2\/posts"}],"about":[{"href":"https:\/\/blogs.fu-berlin.de\/bibliotheken\/wp-json\/wp\/v2\/types\/post"}],"author":[{"embeddable":true,"href":"https:\/\/blogs.fu-berlin.de\/bibliotheken\/wp-json\/wp\/v2\/users\/2171"}],"replies":[{"embeddable":true,"href":"https:\/\/blogs.fu-berlin.de\/bibliotheken\/wp-json\/wp\/v2\/comments?post=18465"}],"version-history":[{"count":7,"href":"https:\/\/blogs.fu-berlin.de\/bibliotheken\/wp-json\/wp\/v2\/posts\/18465\/revisions"}],"predecessor-version":[{"id":18515,"href":"https:\/\/blogs.fu-berlin.de\/bibliotheken\/wp-json\/wp\/v2\/posts\/18465\/revisions\/18515"}],"wp:attachment":[{"href":"https:\/\/blogs.fu-berlin.de\/bibliotheken\/wp-json\/wp\/v2\/media?parent=18465"}],"wp:term":[{"taxonomy":"category","embeddable":true,"href":"https:\/\/blogs.fu-berlin.de\/bibliotheken\/wp-json\/wp\/v2\/categories?post=18465"},{"taxonomy":"post_tag","embeddable":true,"href":"https:\/\/blogs.fu-berlin.de\/bibliotheken\/wp-json\/wp\/v2\/tags?post=18465"}],"curies":[{"name":"wp","href":"https:\/\/api.w.org\/{rel}","templated":true}]}}