{"id":18484,"date":"2015-11-05T09:00:56","date_gmt":"2015-11-05T08:00:56","guid":{"rendered":"https:\/\/blogs.fu-berlin.de\/bibliotheken\/?p=18484"},"modified":"2021-09-16T11:19:48","modified_gmt":"2021-09-16T10:19:48","slug":"berliner-europa-dialog-am-17-11-2015-wege-der-flucht-formen-der-solidaritaet","status":"publish","type":"post","link":"https:\/\/blogs.fu-berlin.de\/bibliotheken\/2015\/11\/05\/berliner-europa-dialog-am-17-11-2015-wege-der-flucht-formen-der-solidaritaet\/","title":{"rendered":"Berliner Europa-Dialog am 17.11.2015: Wege der Flucht \u2013 Formen der Solidarit\u00e4t"},"content":{"rendered":"\n<p><em><span class=\"has-inline-color has-bright-red-color\">Der Betrieb des \u201eDokumentationszentrums UN \u2013 EU\u201c wird eingestellt. Die entsprechende Literatur bleibt im Bestand und ist weiterhin zug\u00e4nglich.<\/span><\/em><\/p>\n\n\n<p>Die Europ\u00e4ische Union befindet sich aktuell vor einer der gr\u00f6\u00dften Herausforderungen ihrer Geschichte: Viele zehntausend Fl\u00fcchtlinge dr\u00e4ngen auf der Flucht vor B\u00fcrgerkriegen und Staatszerfall in die Europ\u00e4ische Union \u2013 und hier vor allem nach Deutschland. Allein in diesem Jahr wird mit einer Million Fl\u00fcchtlingen hierzulande gerechnet. Die Medien berichten sehr positiv \u00fcber eine neue Willkommenskultur, die entsprechenden Umfragewerte sind positiv \u2013 nicht zuletzt durch das Voranschreiten von Bundeskanzlerin Angela Merkel mit ihrer Aussagen \u201eWir schaffen das!\u201c bzw. \u201e\u2026dann ist das nicht mein Land\u201c. Gleichzeitig steigen die \u00dcbergriffe auf Fl\u00fcchtlinge, sowohl auf Unterk\u00fcnfte als auch direkt auf Menschen.<\/p>\n<p>Dar\u00fcber hinaus steht die europ\u00e4ische Solidarit\u00e4t \u2013 und damit eine Grundlage der EU \u2013 vor einer schweren Belastungsprobe. Die Fl\u00fcchtlingskrise sei kein europ\u00e4isches, sondern ein deutsches Problem, so der ungarische Regierungschef Viktor Orb\u00e1n, der die Grenze zu Serbien hermetisch abriegeln l\u00e4sst und Gleiches mit der Grenze zu EU-Nachbar Rum\u00e4nien plant. Viele EU-Staaten, allen voran die so genannten Visegr\u00e1d-Staaten, verweigern ein Eingehen auf den Vorschlag der EU-Kommission einer festen Quote f\u00fcr eine gerechtere Verteilung von Fl\u00fcchtlingen in Europa. Der Pr\u00e4sident der Europ\u00e4ischen Kommission, Jean-Claude Juncker, fordert einen \u201egro\u00dfen Kraftakt europ\u00e4ischer Solidarit\u00e4t.\u201c<\/p>\n<p>Wie steht es um die europ\u00e4ische Solidarit\u00e4t? Zeigt sich Europa doch noch als Wertegemeinschaft oder obsiegt das Verst\u00e4ndnis von einer reinen Wirtschaftsgemeinschaft? Was k\u00f6nnen B\u00fcrgerinnen und B\u00fcrger konkret vor Ort tun, um ihre Solidarit\u00e4t mit gefl\u00fcchteten Menschen zum Ausdruck zu bringen? Wie unterst\u00fctzen EU, Bund und Land dabei? Diese und weitere Fragen m\u00f6chten wir mit Ihnen und den Teilnehmerinnen und Teilnehmern unseres Podiums diskutieren.<\/p>\n<p><strong>Die Veranstaltung findet am 17.11.2015 von 18:00 bis 20:00 Uhr in der Freien Universit\u00e4t Berlin, Henry-Ford-Bau, H\u00f6rsaal A, Garystra\u00dfe 35, 14195 Berlin-Dahlem (U3 Thielplatz) statt.<\/strong> Sie wird moderiert von <strong>Prof. Dr. Tanja A. B\u00f6rzel<\/strong>, Leiterin der Arbeitsstelle Europ\u00e4ische Integration der Freien Universit\u00e4t Berlin.<\/p>\n<p>Auf dem Podium sind vertreten:<\/p>\n<ul>\n<li><strong>S.E. Ranko Vilovi\u0107<\/strong> , au\u00dferordentlicher und bevollm\u00e4chtigter Botschafter der<br>\nRepublik Kroatien<\/li>\n<li><strong>Dr. Ulrich Br\u00fcckner<\/strong>, Mitglied im Rednerdienst TEAM EUROPE der Europ\u00e4ischen<br>\nKommission<\/li>\n<li><strong>Jochen Schwarz<\/strong>, borderline-europe \u2013 Menschenrechte ohne Grenzen e.V.<\/li>\n<li><strong>Marta Orosz<\/strong>, Journalistin u. a. f\u00fcr den ungarischen Rundfunk<\/li>\n<\/ul>\n<p>Wir w\u00fcrden uns freuen, Sie zu der Podiumsdiskussion begr\u00fc\u00dfen zu d\u00fcrfen. Die Veranstaltung ist \u00f6ffentlich, der Eintritt frei.<br>\nIhre Anmeldung senden Sie bitte bis zum 15.11.2015 an <a href=\"mailto:info@eu-infozentrum-berlin.de\">info@eu-infozentrum-berlin.de<\/a>. Die Veranstaltung im Rahmen der Reihe <em>Berliner Europa-Dialog<\/em> wird kooperativ organisiert vom Europ\u00e4ischen Informationszentrum Berlin (Tr\u00e4ger: Deutsche Gesellschaft e.V.), dem <a href=\"https:\/\/www.ub.fu-berlin.de\/bibliothek\/uneu\/\">Dokumentationszentrum Vereinte Nationen \u2013 Europ\u00e4ische Union der Freien Universit\u00e4t Berlin<\/a><br>\nsowie der <a href=\"https:\/\/www.europa-union.de\/\">Europa-Union Berlin e.V.<\/a><\/p>","protected":false},"excerpt":{"rendered":"<p>Der Betrieb des \u201eDokumentationszentrums UN \u2013 EU\u201c wird eingestellt. Die entsprechende Literatur bleibt im Bestand und ist weiterhin zug\u00e4nglich. Die Europ\u00e4ische Union befindet sich aktuell vor einer der gr\u00f6\u00dften Herausforderungen ihrer Geschichte: Viele zehntausend Fl\u00fcchtlinge dr\u00e4ngen auf der Flucht vor B\u00fcrgerkriegen und Staatszerfall in die Europ\u00e4ische Union \u2013 und hier vor allem nach Deutschland. Allein &hellip; <a href=\"https:\/\/blogs.fu-berlin.de\/bibliotheken\/2015\/11\/05\/berliner-europa-dialog-am-17-11-2015-wege-der-flucht-formen-der-solidaritaet\/\" class=\"more-link\"><span class=\"screen-reader-text\">\u201eBerliner Europa-Dialog am 17.11.2015: Wege der Flucht \u2013 Formen der Solidarit\u00e4t\u201c<\/span> weiterlesen<\/a><\/p>\n","protected":false},"author":343,"featured_media":0,"comment_status":"open","ping_status":"open","sticky":false,"template":"","format":"standard","meta":{"footnotes":""},"categories":[70],"tags":[56901,2458,2102],"class_list":["post-18484","post","type-post","status-publish","format-standard","hentry","category-veranstaltungen","tag-berliner-europa-dialog","tag-dokumentationszentrum-un-eu","tag-veranstaltung"],"_links":{"self":[{"href":"https:\/\/blogs.fu-berlin.de\/bibliotheken\/wp-json\/wp\/v2\/posts\/18484","targetHints":{"allow":["GET"]}}],"collection":[{"href":"https:\/\/blogs.fu-berlin.de\/bibliotheken\/wp-json\/wp\/v2\/posts"}],"about":[{"href":"https:\/\/blogs.fu-berlin.de\/bibliotheken\/wp-json\/wp\/v2\/types\/post"}],"author":[{"embeddable":true,"href":"https:\/\/blogs.fu-berlin.de\/bibliotheken\/wp-json\/wp\/v2\/users\/343"}],"replies":[{"embeddable":true,"href":"https:\/\/blogs.fu-berlin.de\/bibliotheken\/wp-json\/wp\/v2\/comments?post=18484"}],"version-history":[{"count":10,"href":"https:\/\/blogs.fu-berlin.de\/bibliotheken\/wp-json\/wp\/v2\/posts\/18484\/revisions"}],"predecessor-version":[{"id":29551,"href":"https:\/\/blogs.fu-berlin.de\/bibliotheken\/wp-json\/wp\/v2\/posts\/18484\/revisions\/29551"}],"wp:attachment":[{"href":"https:\/\/blogs.fu-berlin.de\/bibliotheken\/wp-json\/wp\/v2\/media?parent=18484"}],"wp:term":[{"taxonomy":"category","embeddable":true,"href":"https:\/\/blogs.fu-berlin.de\/bibliotheken\/wp-json\/wp\/v2\/categories?post=18484"},{"taxonomy":"post_tag","embeddable":true,"href":"https:\/\/blogs.fu-berlin.de\/bibliotheken\/wp-json\/wp\/v2\/tags?post=18484"}],"curies":[{"name":"wp","href":"https:\/\/api.w.org\/{rel}","templated":true}]}}