{"id":18509,"date":"2015-11-10T10:00:13","date_gmt":"2015-11-10T09:00:13","guid":{"rendered":"https:\/\/blogs.fu-berlin.de\/bibliotheken\/?p=18509"},"modified":"2016-01-04T08:32:04","modified_gmt":"2016-01-04T07:32:04","slug":"winterferien-an-der-freien-universitaet-berlin","status":"publish","type":"post","link":"https:\/\/blogs.fu-berlin.de\/bibliotheken\/2015\/11\/10\/winterferien-an-der-freien-universitaet-berlin\/","title":{"rendered":"Betriebsferien an der Freien Universit\u00e4t Berlin"},"content":{"rendered":"<figure id=\"attachment_18510\" aria-describedby=\"caption-attachment-18510\" style=\"width: 150px\" class=\"wp-caption alignleft\"><a href=\"https:\/\/blogs.fu-berlin.de\/bibliotheken\/files\/2015\/11\/UB-Winter.jpg\"><img loading=\"lazy\" decoding=\"async\" class=\"size-thumbnail wp-image-18510\" src=\"https:\/\/blogs.fu-berlin.de\/bibliotheken\/files\/2015\/11\/UB-Winter-150x150.jpg\" alt=\"\u00a9 ub-webteam\" width=\"150\" height=\"150\" srcset=\"https:\/\/blogs.fu-berlin.de\/bibliotheken\/files\/2015\/11\/UB-Winter-150x150.jpg 150w, https:\/\/blogs.fu-berlin.de\/bibliotheken\/files\/2015\/11\/UB-Winter-300x300.jpg 300w\" sizes=\"auto, (max-width: 150px) 85vw, 150px\" \/><\/a><figcaption id=\"caption-attachment-18510\" class=\"wp-caption-text\">\u00a9 ub-webteam<\/figcaption><\/figure>\n<p><a href=\"https:\/\/www.fu-berlin.de\/campusleben\/campus\/2015\/151110-betriebsurlaub\/index.html\" target=\"_blank\">Campus.leben<\/a> hat am 10.11.2015 einen Beitrag \u00fcber die Betriebsferien an der Freien Universit\u00e4t Berlin ver\u00f6ffentlicht. Die gesamte Freie Universit\u00e4t also auch alle FU-Bibliotheken haben in der Zeit vom 23.12.2015 bis 03.01.2016 geschlossen.<\/p>\n<p>Sollten Sie also in dieser Zeit Literatur ben\u00f6tigen, m\u00fcssen Sie sich rechtzeitig damit eingedeckt haben. Die Betriebsferien werden selbstverst\u00e4ndlich in der Leihfrist ber\u00fccksichtigt. Die Bestellfunktion ist w\u00e4hrend der Betriebsferien deaktiviert. Das gilt auch f\u00fcr die Bestellung von Fernleihen.<\/p>\n<p>Sollten Sie w\u00e4hrend der Schlie\u00dfzeit B\u00fccher zur\u00fcckbringen wollen, finden Sie am Haupteingang der Universit\u00e4tsbibliothek in der Garystr. 39 Buchr\u00fcckgabek\u00e4sten in welche Sie die B\u00fccher einwerfen k\u00f6nnen.<\/p>\n<hr \/>\n<p>Wir w\u00fcnschen unseren Bibliotheksnutzerinnen und -nutzern erholsame Feiertage und einen guten Start ins Neue Jahr<\/p>\n","protected":false},"excerpt":{"rendered":"<p>Campus.leben hat am 10.11.2015 einen Beitrag \u00fcber die Betriebsferien an der Freien Universit\u00e4t Berlin ver\u00f6ffentlicht. Die gesamte Freie Universit\u00e4t also auch alle FU-Bibliotheken haben in der Zeit vom 23.12.2015 bis 03.01.2016 geschlossen. Sollten Sie also in dieser Zeit Literatur ben\u00f6tigen, m\u00fcssen Sie sich rechtzeitig damit eingedeckt haben. Die Betriebsferien werden selbstverst\u00e4ndlich in der Leihfrist ber\u00fccksichtigt. &hellip; <a href=\"https:\/\/blogs.fu-berlin.de\/bibliotheken\/2015\/11\/10\/winterferien-an-der-freien-universitaet-berlin\/\" class=\"more-link\"><span class=\"screen-reader-text\">\u201eBetriebsferien an der Freien Universit\u00e4t Berlin\u201c<\/span> weiterlesen<\/a><\/p>\n","protected":false},"author":2171,"featured_media":0,"comment_status":"open","ping_status":"open","sticky":false,"template":"","format":"standard","meta":{"footnotes":""},"categories":[600,601],"tags":[10062],"class_list":["post-18509","post","type-post","status-publish","format-standard","hentry","category-fachbibliotheken","category-universitatsbibliothek","tag-betriebsferien"],"_links":{"self":[{"href":"https:\/\/blogs.fu-berlin.de\/bibliotheken\/wp-json\/wp\/v2\/posts\/18509","targetHints":{"allow":["GET"]}}],"collection":[{"href":"https:\/\/blogs.fu-berlin.de\/bibliotheken\/wp-json\/wp\/v2\/posts"}],"about":[{"href":"https:\/\/blogs.fu-berlin.de\/bibliotheken\/wp-json\/wp\/v2\/types\/post"}],"author":[{"embeddable":true,"href":"https:\/\/blogs.fu-berlin.de\/bibliotheken\/wp-json\/wp\/v2\/users\/2171"}],"replies":[{"embeddable":true,"href":"https:\/\/blogs.fu-berlin.de\/bibliotheken\/wp-json\/wp\/v2\/comments?post=18509"}],"version-history":[{"count":11,"href":"https:\/\/blogs.fu-berlin.de\/bibliotheken\/wp-json\/wp\/v2\/posts\/18509\/revisions"}],"predecessor-version":[{"id":18803,"href":"https:\/\/blogs.fu-berlin.de\/bibliotheken\/wp-json\/wp\/v2\/posts\/18509\/revisions\/18803"}],"wp:attachment":[{"href":"https:\/\/blogs.fu-berlin.de\/bibliotheken\/wp-json\/wp\/v2\/media?parent=18509"}],"wp:term":[{"taxonomy":"category","embeddable":true,"href":"https:\/\/blogs.fu-berlin.de\/bibliotheken\/wp-json\/wp\/v2\/categories?post=18509"},{"taxonomy":"post_tag","embeddable":true,"href":"https:\/\/blogs.fu-berlin.de\/bibliotheken\/wp-json\/wp\/v2\/tags?post=18509"}],"curies":[{"name":"wp","href":"https:\/\/api.w.org\/{rel}","templated":true}]}}