{"id":18560,"date":"2015-11-12T14:22:10","date_gmt":"2015-11-12T13:22:10","guid":{"rendered":"https:\/\/blogs.fu-berlin.de\/bibliotheken\/?p=18560"},"modified":"2021-09-16T11:19:08","modified_gmt":"2021-09-16T10:19:08","slug":"reminder-und-update-berliner-europa-dialog-am-17-11-2015-wege-der-flucht-formen-der-solidaritaet","status":"publish","type":"post","link":"https:\/\/blogs.fu-berlin.de\/bibliotheken\/2015\/11\/12\/reminder-und-update-berliner-europa-dialog-am-17-11-2015-wege-der-flucht-formen-der-solidaritaet\/","title":{"rendered":"Reminder und Update: Berliner Europa-Dialog am 17.11.2015: Wege der Flucht \u2013 Formen der Solidarit\u00e4t"},"content":{"rendered":"\n<p><em><span class=\"has-inline-color has-bright-red-color\">Der Betrieb des \u201eDokumentationszentrums UN \u2013 EU\u201c wird eingestellt. Die entsprechende Literatur bleibt im Bestand und ist weiterhin zug\u00e4nglich.<\/span><\/em><\/p>\n\n\n<p>Wir m\u00f6chten an die Veranstaltung des Dokumentationszentrum UN-EU am kommenden Dienstag erinnern: <strong><a href=\"https:\/\/blogs.fu-berlin.de\/bibliotheken\/2015\/11\/05\/berliner-europa-dialog-am-17-11-2015-wege-der-flucht-formen-der-solidaritaet\/\">Berliner Europa-Dialog: Wege der Flucht \u2013 Formen der Solidarit\u00e4t.<\/a><\/strong><\/p>\n<p><strong>Die Veranstaltung findet am 17.11.2015 von 18:00 bis 20:00 Uhr in der Freien Universit\u00e4t Berlin, Henry-Ford-Bau, H\u00f6rsaal A, Garystra\u00dfe 35, 14195 Berlin-Dahlem (U3 Thielplatz) statt.<\/strong><\/p>\n<p>Die aktuelle G\u00e4steliste f\u00fcr das Podium:<\/p>\n<ul>\n<li>S.E. Ranko Vilovi\u0107 , au\u00dferordentlicher und bevollm\u00e4chtigter Botschafter der<br>\nRepublik Kroatien<\/li>\n<li>Dr. Ulrich Br\u00fcckner, Mitglied im Rednerdienst TEAM EUROPE der Europ\u00e4ischen<br>\nKommission<\/li>\n<li>Jochen Schwarz, borderline-europe \u2013 Menschenrechte ohne Grenzen e.V.<\/li>\n<li>Marta Orosz, Journalistin u. a. f\u00fcr den ungarischen Rundfunk<\/li>\n<\/ul>\n<p>&nbsp;<\/p>\n<p>Im Netz haben wir zwei Visualisierungen zum Thema gefunden. Die <a href=\"https:\/\/datadesigncompany.com\/blog\/eu_refugee_relocation.php\">erste Visualisierung<\/a> bezieht sich auf den Beschluss der EU-Innenminister im September, einen Teil der Fl\u00fcchtling mithilfe einer Quotenregelung auf die Mitgliedsstaaten umzuverteilen. Damit sollen die stark vom Fl\u00fcchlingsstrom betroffenen L\u00e4nder Italien, Ungarn und Griechenland entlastet werden. Die Darstellung der <a href=\"https:\/\/datadesigncompany.com\/index.php\">Data Design Company<\/a> macht sichtbar, wie hoch die Qoute ist, die dem jeweilligen Mitgliedsstaat zugeordnet wurde und ob er diese schon erf\u00fcllt hat.<\/p>\n<p>Die <a href=\"https:\/\/datadesigncompany.com\/blog\/sankey_refugee_europe.php\">zweite Visualisierung<\/a> vom gleichen Anbieter vergleicht die Anzahl der Asylantr\u00e4ge vier Mitgliedsstaaten der EU mit den meisten Asylantr\u00e4gen seit Beginn des Jahren und die USA miteinander.<\/p>\n<p>Mehr Literatur zur Fl\u00fcchtlingspolitik findet sich auch in unserem&nbsp;<a href=\"https:\/\/www.ub.fu-berlin.de\/bibliothek\/uneu\/\">Dokumentationszentrum&nbsp;UN-EU<\/a>.<\/p>\n<p>&nbsp;<\/p>","protected":false},"excerpt":{"rendered":"<p>Der Betrieb des \u201eDokumentationszentrums UN \u2013 EU\u201c wird eingestellt. Die entsprechende Literatur bleibt im Bestand und ist weiterhin zug\u00e4nglich. Wir m\u00f6chten an die Veranstaltung des Dokumentationszentrum UN-EU am kommenden Dienstag erinnern: Berliner Europa-Dialog: Wege der Flucht \u2013 Formen der Solidarit\u00e4t. Die Veranstaltung findet am 17.11.2015 von 18:00 bis 20:00 Uhr in der Freien Universit\u00e4t Berlin, &hellip; <a href=\"https:\/\/blogs.fu-berlin.de\/bibliotheken\/2015\/11\/12\/reminder-und-update-berliner-europa-dialog-am-17-11-2015-wege-der-flucht-formen-der-solidaritaet\/\" class=\"more-link\"><span class=\"screen-reader-text\">\u201eReminder und Update: Berliner Europa-Dialog am 17.11.2015: Wege der Flucht \u2013 Formen der Solidarit\u00e4t\u201c<\/span> weiterlesen<\/a><\/p>\n","protected":false},"author":343,"featured_media":0,"comment_status":"open","ping_status":"open","sticky":false,"template":"","format":"standard","meta":{"footnotes":""},"categories":[70],"tags":[56901,2458,1978,2102],"class_list":["post-18560","post","type-post","status-publish","format-standard","hentry","category-veranstaltungen","tag-berliner-europa-dialog","tag-dokumentationszentrum-un-eu","tag-eu","tag-veranstaltung"],"_links":{"self":[{"href":"https:\/\/blogs.fu-berlin.de\/bibliotheken\/wp-json\/wp\/v2\/posts\/18560","targetHints":{"allow":["GET"]}}],"collection":[{"href":"https:\/\/blogs.fu-berlin.de\/bibliotheken\/wp-json\/wp\/v2\/posts"}],"about":[{"href":"https:\/\/blogs.fu-berlin.de\/bibliotheken\/wp-json\/wp\/v2\/types\/post"}],"author":[{"embeddable":true,"href":"https:\/\/blogs.fu-berlin.de\/bibliotheken\/wp-json\/wp\/v2\/users\/343"}],"replies":[{"embeddable":true,"href":"https:\/\/blogs.fu-berlin.de\/bibliotheken\/wp-json\/wp\/v2\/comments?post=18560"}],"version-history":[{"count":7,"href":"https:\/\/blogs.fu-berlin.de\/bibliotheken\/wp-json\/wp\/v2\/posts\/18560\/revisions"}],"predecessor-version":[{"id":29549,"href":"https:\/\/blogs.fu-berlin.de\/bibliotheken\/wp-json\/wp\/v2\/posts\/18560\/revisions\/29549"}],"wp:attachment":[{"href":"https:\/\/blogs.fu-berlin.de\/bibliotheken\/wp-json\/wp\/v2\/media?parent=18560"}],"wp:term":[{"taxonomy":"category","embeddable":true,"href":"https:\/\/blogs.fu-berlin.de\/bibliotheken\/wp-json\/wp\/v2\/categories?post=18560"},{"taxonomy":"post_tag","embeddable":true,"href":"https:\/\/blogs.fu-berlin.de\/bibliotheken\/wp-json\/wp\/v2\/tags?post=18560"}],"curies":[{"name":"wp","href":"https:\/\/api.w.org\/{rel}","templated":true}]}}