{"id":18588,"date":"2015-11-24T10:00:09","date_gmt":"2015-11-24T09:00:09","guid":{"rendered":"https:\/\/blogs.fu-berlin.de\/bibliotheken\/?p=18588"},"modified":"2021-09-16T11:18:41","modified_gmt":"2021-09-16T10:18:41","slug":"europaeischer-salon-solidaritaet-in-der-europaeischen-union-von-der-euro-und-fluechtlingskrise-zur-krise-der-eu","status":"publish","type":"post","link":"https:\/\/blogs.fu-berlin.de\/bibliotheken\/2015\/11\/24\/europaeischer-salon-solidaritaet-in-der-europaeischen-union-von-der-euro-und-fluechtlingskrise-zur-krise-der-eu\/","title":{"rendered":"Europ\u00e4ischer Salon: &#8222;Solidarit\u00e4t in der Europ\u00e4ischen Union &#8230; Von der Euro- und Fl\u00fcchtlingskrise zur Krise der EU?&#8220;"},"content":{"rendered":"\n<p><em><span class=\"has-inline-color has-bright-red-color\">Der Betrieb des \u201eDokumentationszentrums UN \u2013 EU\u201c wird eingestellt. Die entsprechende Literatur bleibt im Bestand und ist weiterhin zug\u00e4nglich.<\/span><\/em><\/p>\n\n\n<p>Zum f\u00fcnften Mal l\u00e4dt der Eurp\u00e4ische Salon zur Podiumsdiskussion ein.<\/p>\n<p>Hinter dem <a href=\"https:\/\/publixphere.net\/i\/salon\/instance\/salon\">Europ\u00e4ischen Salon<\/a> steht der Lehrstuhl f\u00fcr \u00d6ffentliches Recht und Europarecht der Freien Universit\u00e4t Berlin, unter Leitung von <a href=\"https:\/\/www.jura.fu-berlin.de\/fachbereich\/einrichtungen\/oeffentliches-recht\/lehrende\/calliessc\/mitarbeiter\/Lehrstuhlinhaber\/calliess_christian\/index.html\">Prof. Dr. Christian Calliess<\/a> (LL.M.). Dieser wird auch die Moderation der Veranstaltung \u00fcbernehmen.<\/p>\n<p>Zum Thema <strong>&#8222;Solidarit\u00e4t in der Europ\u00e4ischen Union &#8230;&nbsp;Von der Euro- und&nbsp;Fl\u00fcchtlingskrise zur Krise der EU?&#8220;<\/strong> werden diskutieren<\/p>\n<ul>\n<li><a href=\"https:\/\/www.elmarbrok.de\/\"><strong>Elmar Brok<\/strong><\/a><br>\nMitglied des Europ\u00e4ischen Parlaments und Vorsitzender des Ausw\u00e4rtigen Ausschusses des EP (AFET), au\u00dferdem Au\u00dfenpolitischer Sprecher der EVP-Fraktion im Europ\u00e4ischen Parlament<\/li>\n<li><a href=\"https:\/\/www.manuelsarrazin.de\/\"><strong>Manuel Sarrazin<\/strong><\/a><br>\nMitglied des Deutschen Bundestages und dort im Ausschuss f\u00fcr die Angelegenheiten der Europ\u00e4ischen Union, zudem Europapolitischer Sprecher der Bundestagsfraktion von B\u00fcndnis 90\/Die Gr\u00fcne<\/li>\n<li><strong>Anne-Laure De Coincy<\/strong> (angefragt)<br>\nFranz\u00f6sische Botschaft, Gesande f\u00fcr Wirtschaftsangelegenheiten und Leiterin der Finanz- und Wirtschaftsabteilung<\/li>\n<li><strong><a href=\"https:\/\/europeandemocracylab.wordpress.com\/\">Victoria Kupsch<\/a><\/strong><br>\nProgrammleiterin und Gesch\u00e4ftsf\u00fchrerin des European Democracy Lab, einem jungen Think Tank mit Sitz in Berlin<\/li>\n<\/ul>\n<p>und um diese Themen wird es unter anderem gehen:<\/p>\n<ul>\n<li><strong>Von der Eurokrise zur Fl\u00fcchtlingskrise zur Krise der Europ\u00e4ischen Union<\/strong>: Steuert der europ\u00e4ische Staaten- und Verfassungsverbund aufgrund&nbsp;fehlender Solidarit\u00e4t&nbsp;auf eine strukturelle Krise zu?<\/li>\n<li><strong>&#8222;Solidarit\u00e4t ist keine Einbahnstra\u00dfe&#8220;:<\/strong>&nbsp;Wie kann dem aufkommenden Akzeptanzverlust der EU begegnet werden? Birgt der wiedererstarkte Rechtspopulismus eine Gefahr f\u00fcr die Demokratie?<\/li>\n<li><strong>Politik und Mitgliedstaaten an den Grenzen des EU-Rechts:<\/strong>&nbsp;Kann die vielbeschworene europ\u00e4ische Solidarit\u00e4t die Konstruktionsfehler in den EU-Vertr\u00e4gen abmildern?<\/li>\n<li><strong>Ausblick: Europa in einer Sinn- und Identit\u00e4tskrise?<\/strong> Welche Chance liegt wom\u00f6glich in der Krise und k\u00f6nnen neu definierte Werte und Regeln dem Prinzip Solidarit\u00e4t wieder mehr Kontur und Sch\u00e4rfe verleihen?<\/li>\n<\/ul>\n<p>Wann und Wo?<\/p>\n<p><strong>Freitag, 4. Dezember 2015, 18:00 Uhr<\/strong><br>\n<strong><a href=\"https:\/\/einladung.eu-salon.de\/c\/16375517\/04d612e628d-ny9ejc\">Auditorium Friedrichstra\u00dfe<\/a><\/strong>, Quartier 110, Friedrichstr. 180, 10117 <strong>Berlin-Mitte<\/strong><\/p>\n<p>Um Anmeldung wird gebeten unter: <strong><a href=\"mailto:anmeldung@eu-salon.de?subject=Anmeldung%20F%C3%BCnfter%20Europ%C3%A4ischer%20Salon\">anmeldung@eu-salon.de<\/a><\/strong>. Die Veranstaltung ist \u00f6ffentlich, der Eintritt frei.<\/p>\n<p>&nbsp;<\/p>\n<p>Mehr Literatur zu den Themen findet sich auch in unserem&nbsp;<a href=\"https:\/\/www.ub.fu-berlin.de\/bibliothek\/uneu\/\">Dokumentationszentrum&nbsp;UN-EU<\/a>.<\/p>","protected":false},"excerpt":{"rendered":"<p>Der Betrieb des \u201eDokumentationszentrums UN \u2013 EU\u201c wird eingestellt. Die entsprechende Literatur bleibt im Bestand und ist weiterhin zug\u00e4nglich. Zum f\u00fcnften Mal l\u00e4dt der Eurp\u00e4ische Salon zur Podiumsdiskussion ein. Hinter dem Europ\u00e4ischen Salon steht der Lehrstuhl f\u00fcr \u00d6ffentliches Recht und Europarecht der Freien Universit\u00e4t Berlin, unter Leitung von Prof. Dr. Christian Calliess (LL.M.). Dieser wird &hellip; <a href=\"https:\/\/blogs.fu-berlin.de\/bibliotheken\/2015\/11\/24\/europaeischer-salon-solidaritaet-in-der-europaeischen-union-von-der-euro-und-fluechtlingskrise-zur-krise-der-eu\/\" class=\"more-link\"><span class=\"screen-reader-text\">\u201eEurop\u00e4ischer Salon: &#8222;Solidarit\u00e4t in der Europ\u00e4ischen Union &#8230; Von der Euro- und Fl\u00fcchtlingskrise zur Krise der EU?&#8220;\u201c<\/span> weiterlesen<\/a><\/p>\n","protected":false},"author":343,"featured_media":0,"comment_status":"open","ping_status":"open","sticky":false,"template":"","format":"standard","meta":{"footnotes":""},"categories":[70],"tags":[2458,56910,56909,2102],"class_list":["post-18588","post","type-post","status-publish","format-standard","hentry","category-veranstaltungen","tag-dokumentationszentrum-un-eu","tag-europaeischer-salon","tag-eurpopaeische-union","tag-veranstaltung"],"_links":{"self":[{"href":"https:\/\/blogs.fu-berlin.de\/bibliotheken\/wp-json\/wp\/v2\/posts\/18588","targetHints":{"allow":["GET"]}}],"collection":[{"href":"https:\/\/blogs.fu-berlin.de\/bibliotheken\/wp-json\/wp\/v2\/posts"}],"about":[{"href":"https:\/\/blogs.fu-berlin.de\/bibliotheken\/wp-json\/wp\/v2\/types\/post"}],"author":[{"embeddable":true,"href":"https:\/\/blogs.fu-berlin.de\/bibliotheken\/wp-json\/wp\/v2\/users\/343"}],"replies":[{"embeddable":true,"href":"https:\/\/blogs.fu-berlin.de\/bibliotheken\/wp-json\/wp\/v2\/comments?post=18588"}],"version-history":[{"count":5,"href":"https:\/\/blogs.fu-berlin.de\/bibliotheken\/wp-json\/wp\/v2\/posts\/18588\/revisions"}],"predecessor-version":[{"id":29547,"href":"https:\/\/blogs.fu-berlin.de\/bibliotheken\/wp-json\/wp\/v2\/posts\/18588\/revisions\/29547"}],"wp:attachment":[{"href":"https:\/\/blogs.fu-berlin.de\/bibliotheken\/wp-json\/wp\/v2\/media?parent=18588"}],"wp:term":[{"taxonomy":"category","embeddable":true,"href":"https:\/\/blogs.fu-berlin.de\/bibliotheken\/wp-json\/wp\/v2\/categories?post=18588"},{"taxonomy":"post_tag","embeddable":true,"href":"https:\/\/blogs.fu-berlin.de\/bibliotheken\/wp-json\/wp\/v2\/tags?post=18588"}],"curies":[{"name":"wp","href":"https:\/\/api.w.org\/{rel}","templated":true}]}}