{"id":18592,"date":"2015-11-27T10:00:20","date_gmt":"2015-11-27T09:00:20","guid":{"rendered":"https:\/\/blogs.fu-berlin.de\/bibliotheken\/?p=18592"},"modified":"2021-09-16T11:18:21","modified_gmt":"2021-09-16T10:18:21","slug":"europaeischer-jugendkarlspreis-2016","status":"publish","type":"post","link":"https:\/\/blogs.fu-berlin.de\/bibliotheken\/2015\/11\/27\/europaeischer-jugendkarlspreis-2016\/","title":{"rendered":"Europ\u00e4ischer Jugendkarlspreis 2016"},"content":{"rendered":"\n<p><em><span class=\"has-inline-color has-bright-red-color\">Der Betrieb des \u201eDokumentationszentrums UN \u2013 EU\u201c wird eingestellt. Die entsprechende Literatur bleibt im Bestand und ist weiterhin zug\u00e4nglich.<\/span><\/em><\/p>\n\n\n<p><a href=\"https:\/\/blogs.fu-berlin.de\/bibliotheken\/files\/2015\/11\/de-eu-charlemagneyouthprize_banner.jpg\"><img loading=\"lazy\" decoding=\"async\" class=\" size-medium wp-image-18593 alignright\" src=\"https:\/\/blogs.fu-berlin.de\/bibliotheken\/files\/2015\/11\/de-eu-charlemagneyouthprize_banner-300x65.jpg\" alt=\"de-eu-charlemagneyouthprize_banner\" width=\"300\" height=\"65\" srcset=\"https:\/\/blogs.fu-berlin.de\/bibliotheken\/files\/2015\/11\/de-eu-charlemagneyouthprize_banner-300x65.jpg 300w, https:\/\/blogs.fu-berlin.de\/bibliotheken\/files\/2015\/11\/de-eu-charlemagneyouthprize_banner.jpg 925w\" sizes=\"auto, (max-width: 300px) 85vw, 300px\" \/><\/a>Seit dem 16. Oktober 2015 k\u00f6nnen sich Jugendliche oder Jugendgruppen von 16 bis 30 Jahren f\u00fcr den <a href=\"https:\/\/www.europarl.de\/de\/jugend_schulen\/jugend_jugendkarlspreis.html\">Jugendkarlspreis 2016<\/a> bewerben. Der Einsendeschluss ist am 25.&nbsp; Jannuar 2016.<\/p>\n<p>Ausgezeichnet werden Projekte, die zeigen wie sich das Zusammenleben unter Europ\u00e4ern gestaltet und wie sie voneinander lernen. Organisatoren des Wettbewerbs sind das Europ\u00e4ische Parlament und die Internationale Jugendkarlspreisstiftung in Aachen. Die ersten drei Pl\u00e4tze werden mit 2.000, 3.000 und 5.000 Euro ausgezeichnet.<\/p>\n<p>Weitere Informationen gibt es auf der <a href=\"https:\/\/www.europarl.de\/de\/jugend_schulen\/jugend_jugendkarlspreis.html\">Webseite des Preises<\/a>.<\/p>\n<p>Mehr Literatur zum Thema Europa findet sich auch in unserem&nbsp;<a href=\"https:\/\/www.ub.fu-berlin.de\/bibliothek\/uneu\/\">Dokumentationszentrum&nbsp;UN-EU<\/a>.<\/p>","protected":false},"excerpt":{"rendered":"<p>Der Betrieb des \u201eDokumentationszentrums UN \u2013 EU\u201c wird eingestellt. Die entsprechende Literatur bleibt im Bestand und ist weiterhin zug\u00e4nglich. Seit dem 16. Oktober 2015 k\u00f6nnen sich Jugendliche oder Jugendgruppen von 16 bis 30 Jahren f\u00fcr den Jugendkarlspreis 2016 bewerben. Der Einsendeschluss ist am 25.&nbsp; Jannuar 2016. Ausgezeichnet werden Projekte, die zeigen wie sich das Zusammenleben &hellip; <a href=\"https:\/\/blogs.fu-berlin.de\/bibliotheken\/2015\/11\/27\/europaeischer-jugendkarlspreis-2016\/\" class=\"more-link\"><span class=\"screen-reader-text\">\u201eEurop\u00e4ischer Jugendkarlspreis 2016\u201c<\/span> weiterlesen<\/a><\/p>\n","protected":false},"author":343,"featured_media":0,"comment_status":"open","ping_status":"open","sticky":false,"template":"","format":"standard","meta":{"footnotes":""},"categories":[604,70],"tags":[2458,56911,46855],"class_list":["post-18592","post","type-post","status-publish","format-standard","hentry","category-ins-netz-geschaut","category-veranstaltungen","tag-dokumentationszentrum-un-eu","tag-jugendkarlspreis","tag-wettbewerb"],"_links":{"self":[{"href":"https:\/\/blogs.fu-berlin.de\/bibliotheken\/wp-json\/wp\/v2\/posts\/18592","targetHints":{"allow":["GET"]}}],"collection":[{"href":"https:\/\/blogs.fu-berlin.de\/bibliotheken\/wp-json\/wp\/v2\/posts"}],"about":[{"href":"https:\/\/blogs.fu-berlin.de\/bibliotheken\/wp-json\/wp\/v2\/types\/post"}],"author":[{"embeddable":true,"href":"https:\/\/blogs.fu-berlin.de\/bibliotheken\/wp-json\/wp\/v2\/users\/343"}],"replies":[{"embeddable":true,"href":"https:\/\/blogs.fu-berlin.de\/bibliotheken\/wp-json\/wp\/v2\/comments?post=18592"}],"version-history":[{"count":7,"href":"https:\/\/blogs.fu-berlin.de\/bibliotheken\/wp-json\/wp\/v2\/posts\/18592\/revisions"}],"predecessor-version":[{"id":29545,"href":"https:\/\/blogs.fu-berlin.de\/bibliotheken\/wp-json\/wp\/v2\/posts\/18592\/revisions\/29545"}],"wp:attachment":[{"href":"https:\/\/blogs.fu-berlin.de\/bibliotheken\/wp-json\/wp\/v2\/media?parent=18592"}],"wp:term":[{"taxonomy":"category","embeddable":true,"href":"https:\/\/blogs.fu-berlin.de\/bibliotheken\/wp-json\/wp\/v2\/categories?post=18592"},{"taxonomy":"post_tag","embeddable":true,"href":"https:\/\/blogs.fu-berlin.de\/bibliotheken\/wp-json\/wp\/v2\/tags?post=18592"}],"curies":[{"name":"wp","href":"https:\/\/api.w.org\/{rel}","templated":true}]}}