{"id":18625,"date":"2015-12-08T19:24:10","date_gmt":"2015-12-08T18:24:10","guid":{"rendered":"https:\/\/blogs.fu-berlin.de\/bibliotheken\/?p=18625"},"modified":"2015-12-09T10:26:03","modified_gmt":"2015-12-09T09:26:03","slug":"noch-16-tuerchen","status":"publish","type":"post","link":"https:\/\/blogs.fu-berlin.de\/bibliotheken\/2015\/12\/08\/noch-16-tuerchen\/","title":{"rendered":"Noch 16 T\u00fcrchen &#8230;"},"content":{"rendered":"<p><a href=\"https:\/\/blogs.fu-berlin.de\/bibliotheken\/files\/2015\/12\/UB-Weihnachtsbaum.jpg\"><img loading=\"lazy\" decoding=\"async\" class=\"alignright wp-image-18638 size-medium\" src=\"https:\/\/blogs.fu-berlin.de\/bibliotheken\/files\/2015\/12\/UB-Weihnachtsbaum-184x300.jpg\" alt=\"UB-Weihnachtsbaum\" width=\"184\" height=\"300\" srcset=\"https:\/\/blogs.fu-berlin.de\/bibliotheken\/files\/2015\/12\/UB-Weihnachtsbaum-184x300.jpg 184w, https:\/\/blogs.fu-berlin.de\/bibliotheken\/files\/2015\/12\/UB-Weihnachtsbaum.jpg 544w\" sizes=\"auto, (max-width: 184px) 85vw, 184px\" \/><\/a>Traditionsgem\u00e4\u00df pr\u00e4sentiert das Blog Bibliothekarisch.de wie in den vergangenen Jahren auch eine <a href=\"https:\/\/blog.bibliothekarisch.de\/blog\/2015\/12\/01\/mehr-oder-minder-bibliothekarische-adventskalender-2015\/\">Linkliste mit Online-Adventskalendern<\/a> von Bibliotheken, Verlagen, Hochschulen usw. (teilweise auch mit kommerziellem Hintergrund). In diesem Jahr sind 236 Webtipps herausgekommen, darunter beispielsweise auch ein <a href=\"https:\/\/www.aventdudomainepublic.org\/\">franz\u00f6sischsprachiger Adventskalender<\/a>, der darauf aufmerksam macht, welche Werke im Jahr 2016 gemeinfrei werden (70 Jahre nach dem Tod des jeweiligen K\u00fcnstlers).<\/p>\n<p>Auch wird auf die j\u00e4hrlich erscheinende <a href=\"https:\/\/www.bibliothekar.de\/bibliothekarische-weihnachtsgeschichten\/neue-wege\/\">Bibliothekarische Weihnachtsgeschichte<\/a> hingewiesen. W\u00e4hrenddessen wird auch im Foyer der Universit\u00e4tsbibliothek dank eines liebevoll geschm\u00fcckten Weihnachtsbaums an das bevorstehende Fest erinnert \ud83d\ude42 &#8230;<\/p>\n","protected":false},"excerpt":{"rendered":"<p>Traditionsgem\u00e4\u00df pr\u00e4sentiert das Blog Bibliothekarisch.de wie in den vergangenen Jahren auch eine Linkliste mit Online-Adventskalendern von Bibliotheken, Verlagen, Hochschulen usw. (teilweise auch mit kommerziellem Hintergrund). In diesem Jahr sind 236 Webtipps herausgekommen, darunter beispielsweise auch ein franz\u00f6sischsprachiger Adventskalender, der darauf aufmerksam macht, welche Werke im Jahr 2016 gemeinfrei werden (70 Jahre nach dem Tod des &hellip; <a href=\"https:\/\/blogs.fu-berlin.de\/bibliotheken\/2015\/12\/08\/noch-16-tuerchen\/\" class=\"more-link\"><span class=\"screen-reader-text\">\u201eNoch 16 T\u00fcrchen &#8230;\u201c<\/span> weiterlesen<\/a><\/p>\n","protected":false},"author":293,"featured_media":0,"comment_status":"open","ping_status":"open","sticky":false,"template":"","format":"standard","meta":{"footnotes":""},"categories":[9,604,492],"tags":[10086,1339],"class_list":["post-18625","post","type-post","status-publish","format-standard","hentry","category-allgemein","category-ins-netz-geschaut","category-literaturtipps","tag-bibliothekarische-weihnachtsgeschichte","tag-digitaler-adventskalender"],"_links":{"self":[{"href":"https:\/\/blogs.fu-berlin.de\/bibliotheken\/wp-json\/wp\/v2\/posts\/18625","targetHints":{"allow":["GET"]}}],"collection":[{"href":"https:\/\/blogs.fu-berlin.de\/bibliotheken\/wp-json\/wp\/v2\/posts"}],"about":[{"href":"https:\/\/blogs.fu-berlin.de\/bibliotheken\/wp-json\/wp\/v2\/types\/post"}],"author":[{"embeddable":true,"href":"https:\/\/blogs.fu-berlin.de\/bibliotheken\/wp-json\/wp\/v2\/users\/293"}],"replies":[{"embeddable":true,"href":"https:\/\/blogs.fu-berlin.de\/bibliotheken\/wp-json\/wp\/v2\/comments?post=18625"}],"version-history":[{"count":6,"href":"https:\/\/blogs.fu-berlin.de\/bibliotheken\/wp-json\/wp\/v2\/posts\/18625\/revisions"}],"predecessor-version":[{"id":18645,"href":"https:\/\/blogs.fu-berlin.de\/bibliotheken\/wp-json\/wp\/v2\/posts\/18625\/revisions\/18645"}],"wp:attachment":[{"href":"https:\/\/blogs.fu-berlin.de\/bibliotheken\/wp-json\/wp\/v2\/media?parent=18625"}],"wp:term":[{"taxonomy":"category","embeddable":true,"href":"https:\/\/blogs.fu-berlin.de\/bibliotheken\/wp-json\/wp\/v2\/categories?post=18625"},{"taxonomy":"post_tag","embeddable":true,"href":"https:\/\/blogs.fu-berlin.de\/bibliotheken\/wp-json\/wp\/v2\/tags?post=18625"}],"curies":[{"name":"wp","href":"https:\/\/api.w.org\/{rel}","templated":true}]}}