{"id":18660,"date":"2015-12-11T09:00:18","date_gmt":"2015-12-11T08:00:18","guid":{"rendered":"https:\/\/blogs.fu-berlin.de\/bibliotheken\/?p=18660"},"modified":"2021-09-17T13:24:53","modified_gmt":"2021-09-17T12:24:53","slug":"buergerdialog-zur-fluechtlingskrise-mit-thomas-de-maiziere","status":"publish","type":"post","link":"https:\/\/blogs.fu-berlin.de\/bibliotheken\/2015\/12\/11\/buergerdialog-zur-fluechtlingskrise-mit-thomas-de-maiziere\/","title":{"rendered":"B\u00fcrgerdialog zur Fl\u00fcchtlingskrise mit Thomas de Maizi\u00e8re"},"content":{"rendered":"\n<p><em><span class=\"has-inline-color has-bright-red-color\">Der Betrieb des \u201eDokumentationszentrums UN \u2013 EU\u201c wird eingestellt. Die entsprechende Literatur bleibt im Bestand und ist weiterhin zug\u00e4nglich.<\/span><\/em><\/p>\n\n\n<p style=\"text-align: left\">Am 17.12.2015 findet die Veranstaltung <strong><a href=\"https:\/\/ec.europa.eu\/deutschland\/termine\/20151217_fluechtlingskrise_de.htm\">B\u00fcrgerdialog zur Fl\u00fcchtlingskrise: Wie wird Europa seiner Rolle gerecht?<\/a> <\/strong>der Vertretung der Europ\u00e4ischen Kommission in Deutschland statt.<strong><br>\n<\/strong><\/p>\n<p style=\"text-align: left\">Es werden sich der EU-Komissar f\u00fcr Migration, Inneres und B\u00fcrgerschaft, D<strong>imitris Avramopoulos<\/strong>, und der Bundesminister des Innern, <strong>Dr. Thomas de Maizi\u00e8re,<\/strong> den Fragen der B\u00fcrger stellen.<\/p>\n<dl>\n<dt>Zeit: 11.00 \u2013 12.30 Uhr, Einlass ab 10.00 Uhr<\/dt>\n<\/dl>\n<dl>\n<dt>Ort: Allianz-Forum, Pariser Platz in Berlin<\/dt>\n<dt><strong>Es wird um eine verbindliche Anmeldung bis zum 14.12.2015 gebeten.<\/strong><\/dt>\n<dd class=\"location\"><\/dd>\n<\/dl>\n<p style=\"text-align: left\">Die Veranstaltung kann auch via <a href=\"https:\/\/player.cdn.tv1.eu\/iptv\/player\/macros\/berlin_171215\">Livestream<\/a> verfolgt und mit&nbsp;#EUdialogues in den sozialen Netzwerken mitdiskutiert werden.<\/p>\n<p>&nbsp;<\/p>","protected":false},"excerpt":{"rendered":"<p>Der Betrieb des \u201eDokumentationszentrums UN \u2013 EU\u201c wird eingestellt. Die entsprechende Literatur bleibt im Bestand und ist weiterhin zug\u00e4nglich. Am 17.12.2015 findet die Veranstaltung B\u00fcrgerdialog zur Fl\u00fcchtlingskrise: Wie wird Europa seiner Rolle gerecht? der Vertretung der Europ\u00e4ischen Kommission in Deutschland statt. Es werden sich der EU-Komissar f\u00fcr Migration, Inneres und B\u00fcrgerschaft, Dimitris Avramopoulos, und der &hellip; <a href=\"https:\/\/blogs.fu-berlin.de\/bibliotheken\/2015\/12\/11\/buergerdialog-zur-fluechtlingskrise-mit-thomas-de-maiziere\/\" class=\"more-link\"><span class=\"screen-reader-text\">\u201eB\u00fcrgerdialog zur Fl\u00fcchtlingskrise mit Thomas de Maizi\u00e8re\u201c<\/span> weiterlesen<\/a><\/p>\n","protected":false},"author":343,"featured_media":0,"comment_status":"open","ping_status":"open","sticky":false,"template":"","format":"standard","meta":{"footnotes":""},"categories":[604,70],"tags":[56917,2458,1977],"class_list":["post-18660","post","type-post","status-publish","format-standard","hentry","category-ins-netz-geschaut","category-veranstaltungen","tag-buergerdialog","tag-dokumentationszentrum-un-eu","tag-europaische-union"],"_links":{"self":[{"href":"https:\/\/blogs.fu-berlin.de\/bibliotheken\/wp-json\/wp\/v2\/posts\/18660","targetHints":{"allow":["GET"]}}],"collection":[{"href":"https:\/\/blogs.fu-berlin.de\/bibliotheken\/wp-json\/wp\/v2\/posts"}],"about":[{"href":"https:\/\/blogs.fu-berlin.de\/bibliotheken\/wp-json\/wp\/v2\/types\/post"}],"author":[{"embeddable":true,"href":"https:\/\/blogs.fu-berlin.de\/bibliotheken\/wp-json\/wp\/v2\/users\/343"}],"replies":[{"embeddable":true,"href":"https:\/\/blogs.fu-berlin.de\/bibliotheken\/wp-json\/wp\/v2\/comments?post=18660"}],"version-history":[{"count":3,"href":"https:\/\/blogs.fu-berlin.de\/bibliotheken\/wp-json\/wp\/v2\/posts\/18660\/revisions"}],"predecessor-version":[{"id":29776,"href":"https:\/\/blogs.fu-berlin.de\/bibliotheken\/wp-json\/wp\/v2\/posts\/18660\/revisions\/29776"}],"wp:attachment":[{"href":"https:\/\/blogs.fu-berlin.de\/bibliotheken\/wp-json\/wp\/v2\/media?parent=18660"}],"wp:term":[{"taxonomy":"category","embeddable":true,"href":"https:\/\/blogs.fu-berlin.de\/bibliotheken\/wp-json\/wp\/v2\/categories?post=18660"},{"taxonomy":"post_tag","embeddable":true,"href":"https:\/\/blogs.fu-berlin.de\/bibliotheken\/wp-json\/wp\/v2\/tags?post=18660"}],"curies":[{"name":"wp","href":"https:\/\/api.w.org\/{rel}","templated":true}]}}