{"id":18685,"date":"2015-12-23T09:10:43","date_gmt":"2015-12-23T08:10:43","guid":{"rendered":"https:\/\/blogs.fu-berlin.de\/bibliotheken\/?p=18685"},"modified":"2021-09-17T13:24:25","modified_gmt":"2021-09-17T12:24:25","slug":"bewerbungsphase-fuer-masterstudiengaenge-am-college-of-europe","status":"publish","type":"post","link":"https:\/\/blogs.fu-berlin.de\/bibliotheken\/2015\/12\/23\/bewerbungsphase-fuer-masterstudiengaenge-am-college-of-europe\/","title":{"rendered":"Bewerbungsphase f\u00fcr Masterstudieng\u00e4nge am College of Europe"},"content":{"rendered":"\n<p><em><span class=\"has-inline-color has-bright-red-color\">Der Betrieb des \u201eDokumentationszentrums UN \u2013 EU\u201c wird eingestellt. Die entsprechende Literatur bleibt im Bestand und ist weiterhin zug\u00e4nglich.<\/span><\/em><\/p>\n\n\n<p>Bis zum 20.01.2016 kann man sich noch f\u00fcr postgraduierten-Studienpl\u00e4tze am <a href=\"https:\/\/www.netzwerk-ebd.de\/aktivitaeten\/coe\/\">College of Europe Br\u00fcgge (Beldien) und Natolin (Polen)<\/a> bewerben. F\u00fcr das Studienjahr 2016\/17 sind rund 35 Studienpl\u00e4tze und Stipendien f\u00fcr deutsche Hochschulabsolventen zu vergeben. Das Auswahlverfahren f\u00fcr Deutschland wird von der <a href=\"https:\/\/www.netzwerk-ebd.de\/\">Europ\u00e4ischen Bewegung Deutschland<\/a> durchgef\u00fchrt.<\/p>\n<p>N\u00e4here Informationen k\u00f6nnen der <a href=\"https:\/\/www.netzwerk-ebd.de\/wp-content\/uploads\/2015\/11\/Presseinformation_College-of-Europe_Nov.2015.pdf\">dazugeh\u00f6rigen Pressemitteilung<\/a> entnommen werden.<\/p>","protected":false},"excerpt":{"rendered":"<p>Der Betrieb des \u201eDokumentationszentrums UN \u2013 EU\u201c wird eingestellt. Die entsprechende Literatur bleibt im Bestand und ist weiterhin zug\u00e4nglich. Bis zum 20.01.2016 kann man sich noch f\u00fcr postgraduierten-Studienpl\u00e4tze am College of Europe Br\u00fcgge (Beldien) und Natolin (Polen) bewerben. F\u00fcr das Studienjahr 2016\/17 sind rund 35 Studienpl\u00e4tze und Stipendien f\u00fcr deutsche Hochschulabsolventen zu vergeben. Das Auswahlverfahren &hellip; <a href=\"https:\/\/blogs.fu-berlin.de\/bibliotheken\/2015\/12\/23\/bewerbungsphase-fuer-masterstudiengaenge-am-college-of-europe\/\" class=\"more-link\"><span class=\"screen-reader-text\">\u201eBewerbungsphase f\u00fcr Masterstudieng\u00e4nge am College of Europe\u201c<\/span> weiterlesen<\/a><\/p>\n","protected":false},"author":343,"featured_media":0,"comment_status":"open","ping_status":"open","sticky":false,"template":"","format":"standard","meta":{"footnotes":""},"categories":[9],"tags":[2458,56924],"class_list":["post-18685","post","type-post","status-publish","format-standard","hentry","category-allgemein","tag-dokumentationszentrum-un-eu","tag-europaeische-bewegung-deutschland"],"_links":{"self":[{"href":"https:\/\/blogs.fu-berlin.de\/bibliotheken\/wp-json\/wp\/v2\/posts\/18685","targetHints":{"allow":["GET"]}}],"collection":[{"href":"https:\/\/blogs.fu-berlin.de\/bibliotheken\/wp-json\/wp\/v2\/posts"}],"about":[{"href":"https:\/\/blogs.fu-berlin.de\/bibliotheken\/wp-json\/wp\/v2\/types\/post"}],"author":[{"embeddable":true,"href":"https:\/\/blogs.fu-berlin.de\/bibliotheken\/wp-json\/wp\/v2\/users\/343"}],"replies":[{"embeddable":true,"href":"https:\/\/blogs.fu-berlin.de\/bibliotheken\/wp-json\/wp\/v2\/comments?post=18685"}],"version-history":[{"count":4,"href":"https:\/\/blogs.fu-berlin.de\/bibliotheken\/wp-json\/wp\/v2\/posts\/18685\/revisions"}],"predecessor-version":[{"id":29775,"href":"https:\/\/blogs.fu-berlin.de\/bibliotheken\/wp-json\/wp\/v2\/posts\/18685\/revisions\/29775"}],"wp:attachment":[{"href":"https:\/\/blogs.fu-berlin.de\/bibliotheken\/wp-json\/wp\/v2\/media?parent=18685"}],"wp:term":[{"taxonomy":"category","embeddable":true,"href":"https:\/\/blogs.fu-berlin.de\/bibliotheken\/wp-json\/wp\/v2\/categories?post=18685"},{"taxonomy":"post_tag","embeddable":true,"href":"https:\/\/blogs.fu-berlin.de\/bibliotheken\/wp-json\/wp\/v2\/tags?post=18685"}],"curies":[{"name":"wp","href":"https:\/\/api.w.org\/{rel}","templated":true}]}}