{"id":18762,"date":"2015-12-16T14:00:52","date_gmt":"2015-12-16T13:00:52","guid":{"rendered":"https:\/\/blogs.fu-berlin.de\/bibliotheken\/?p=18762"},"modified":"2021-09-16T11:17:33","modified_gmt":"2021-09-16T10:17:33","slug":"sacharow-preis-im-europaeischen-parlament-verliehen","status":"publish","type":"post","link":"https:\/\/blogs.fu-berlin.de\/bibliotheken\/2015\/12\/16\/sacharow-preis-im-europaeischen-parlament-verliehen\/","title":{"rendered":"Sacharow-Preis im europ\u00e4ischen Parlament verliehen"},"content":{"rendered":"\n<p><em><span class=\"has-inline-color has-bright-red-color\">Der Betrieb des \u201eDokumentationszentrums UN \u2013 EU\u201c wird eingestellt. Die entsprechende Literatur bleibt im Bestand und ist weiterhin zug\u00e4nglich.<\/span><\/em><\/p>\n\n\n<p>Heute wurde im europ\u00e4ischen Parlament der <a href=\"https:\/\/www.europarl.europa.eu\/sakharovprize\/de\/home\/the-prize.html\">Sacharow-Preis<\/a> f\u00fcr geistige Freiheit an <a href=\"https:\/\/de.wikipedia.org\/wiki\/Raif_Badawi\">Raif Badawi<\/a> verliehen. Stellvertretend nahm seine Frau Ensaf Badawi den Preis in Strasburg entgegen. Der saudische Blogger sitzt seit drei Jahren als politischer Gefangener in Haft.<\/p>\n<p>Am Freitag kommt seine Frau nach Berlin und es kann mit ihr abends live in der Akademie der K\u00fcnste diskutiert werden.<\/p>\n<p><span class=\"fsl\">Wann? Freitag, 18. Dezember 2015, 20.00 \u2013 21.30 Uhr<br>\nWo? Akademie der K\u00fcnste, Pariser Platz 4, 10117 Berlin<br>\n(Plenarsaal)<\/span><\/p>\n<p>Weitere Informationen und Anmeldung zur Teilnahme gibt es <a href=\"https:\/\/www.europarl.de\/de\/aktuell_presse\/preise_wettbewerbe\/sacharov.html\">hier<\/a>.<\/p>\n<p>&nbsp;<\/p>\n<p>Noch mehr Informationen zur EU bekommen Sie in unserem <a href=\"https:\/\/www.ub.fu-berlin.de\/bibliothek\/uneu\/\">Dokumentationszentrum&nbsp;UN-EU<\/a>.<\/p>","protected":false},"excerpt":{"rendered":"<p>Der Betrieb des \u201eDokumentationszentrums UN \u2013 EU\u201c wird eingestellt. Die entsprechende Literatur bleibt im Bestand und ist weiterhin zug\u00e4nglich. Heute wurde im europ\u00e4ischen Parlament der Sacharow-Preis f\u00fcr geistige Freiheit an Raif Badawi verliehen. Stellvertretend nahm seine Frau Ensaf Badawi den Preis in Strasburg entgegen. Der saudische Blogger sitzt seit drei Jahren als politischer Gefangener in &hellip; <a href=\"https:\/\/blogs.fu-berlin.de\/bibliotheken\/2015\/12\/16\/sacharow-preis-im-europaeischen-parlament-verliehen\/\" class=\"more-link\"><span class=\"screen-reader-text\">\u201eSacharow-Preis im europ\u00e4ischen Parlament verliehen\u201c<\/span> weiterlesen<\/a><\/p>\n","protected":false},"author":343,"featured_media":0,"comment_status":"open","ping_status":"open","sticky":false,"template":"","format":"standard","meta":{"footnotes":""},"categories":[604,70],"tags":[2458,56921,56920,2102],"class_list":["post-18762","post","type-post","status-publish","format-standard","hentry","category-ins-netz-geschaut","category-veranstaltungen","tag-dokumentationszentrum-un-eu","tag-raif-badawi","tag-sacharow-preis","tag-veranstaltung"],"_links":{"self":[{"href":"https:\/\/blogs.fu-berlin.de\/bibliotheken\/wp-json\/wp\/v2\/posts\/18762","targetHints":{"allow":["GET"]}}],"collection":[{"href":"https:\/\/blogs.fu-berlin.de\/bibliotheken\/wp-json\/wp\/v2\/posts"}],"about":[{"href":"https:\/\/blogs.fu-berlin.de\/bibliotheken\/wp-json\/wp\/v2\/types\/post"}],"author":[{"embeddable":true,"href":"https:\/\/blogs.fu-berlin.de\/bibliotheken\/wp-json\/wp\/v2\/users\/343"}],"replies":[{"embeddable":true,"href":"https:\/\/blogs.fu-berlin.de\/bibliotheken\/wp-json\/wp\/v2\/comments?post=18762"}],"version-history":[{"count":3,"href":"https:\/\/blogs.fu-berlin.de\/bibliotheken\/wp-json\/wp\/v2\/posts\/18762\/revisions"}],"predecessor-version":[{"id":29541,"href":"https:\/\/blogs.fu-berlin.de\/bibliotheken\/wp-json\/wp\/v2\/posts\/18762\/revisions\/29541"}],"wp:attachment":[{"href":"https:\/\/blogs.fu-berlin.de\/bibliotheken\/wp-json\/wp\/v2\/media?parent=18762"}],"wp:term":[{"taxonomy":"category","embeddable":true,"href":"https:\/\/blogs.fu-berlin.de\/bibliotheken\/wp-json\/wp\/v2\/categories?post=18762"},{"taxonomy":"post_tag","embeddable":true,"href":"https:\/\/blogs.fu-berlin.de\/bibliotheken\/wp-json\/wp\/v2\/tags?post=18762"}],"curies":[{"name":"wp","href":"https:\/\/api.w.org\/{rel}","templated":true}]}}