{"id":18806,"date":"2016-01-04T11:01:40","date_gmt":"2016-01-04T10:01:40","guid":{"rendered":"https:\/\/blogs.fu-berlin.de\/bibliotheken\/?p=18806"},"modified":"2021-09-16T11:16:55","modified_gmt":"2021-09-16T10:16:55","slug":"lesesaal-und-lehrbuchsammlung-der-ub-heute-geschlossen","status":"publish","type":"post","link":"https:\/\/blogs.fu-berlin.de\/bibliotheken\/2016\/01\/04\/lesesaal-und-lehrbuchsammlung-der-ub-heute-geschlossen\/","title":{"rendered":"UB-Lesesaal wieder ge\u00f6ffnet, Lehrbuchsammlung bleibt vorerst geschlossen"},"content":{"rendered":"\n<p><em><span class=\"has-inline-color has-bright-red-color\">Der Betrieb des \u201eDokumentationszentrums UN \u2013 EU\u201c wird eingestellt. Die entsprechende Literatur bleibt im Bestand und ist weiterhin zug\u00e4nglich.<\/span><\/em><\/p>\n\n\n<h4>Update, 06.01.2016:<\/h4>\n<p>Mittlerweile ist es gelungen, den Lesesaal der Universit\u00e4tsbibliothek nach den Betriebsferien und der damit einhergehenden Temperaturabsenkung auf eine akzeptable Temperatur zu erw\u00e4rmen. <strong>Damit ist der Lesesaal, mit Zug\u00e4ngen zum Zeitschriftenfreihandmagazin (ZFM) und dem Dokumentationszentrum UN-EU, ab dem heutigen Mittwoch, 6. Januar 2016, wieder ge\u00f6ffnet!<\/strong><\/p>\n<p>Noch nicht f\u00fcr die Benutzung ge\u00f6ffnet ist die Lehrbuchsammlung. Die B\u00fccher der LBS k\u00f6nnen jedoch bis 18 Uhr via <a href=\"https:\/\/primo.fu-berlin.de\/\">Primo<\/a> bestellt (Ergebnisse am besten links unter <em>Bibliothek<\/em> mit der Facette <em>Universit\u00e4tsbibliothek &#8211; Lehrbuchsammlung<\/em> eingrenzen) und bis 20 Uhr in der Leihstelle abgeholt und ausgeliehen werden.<\/p>\n<p>Wir hoffen, dass die Raumtemperatur eine Nutzung der Lehrbuchsammlung bald wieder zul\u00e4sst. Wir werden in Biblioblog dar\u00fcber informieren.<\/p>\n<p>F\u00fcr diese Unannehmlichkeiten bitten wir um Entschuldigung<br>\nIhre Universit\u00e4tsbibliothek<\/p>","protected":false},"excerpt":{"rendered":"<p>Der Betrieb des \u201eDokumentationszentrums UN \u2013 EU\u201c wird eingestellt. Die entsprechende Literatur bleibt im Bestand und ist weiterhin zug\u00e4nglich. Update, 06.01.2016: Mittlerweile ist es gelungen, den Lesesaal der Universit\u00e4tsbibliothek nach den Betriebsferien und der damit einhergehenden Temperaturabsenkung auf eine akzeptable Temperatur zu erw\u00e4rmen. Damit ist der Lesesaal, mit Zug\u00e4ngen zum Zeitschriftenfreihandmagazin (ZFM) und dem Dokumentationszentrum &hellip; <a href=\"https:\/\/blogs.fu-berlin.de\/bibliotheken\/2016\/01\/04\/lesesaal-und-lehrbuchsammlung-der-ub-heute-geschlossen\/\" class=\"more-link\"><span class=\"screen-reader-text\">\u201eUB-Lesesaal wieder ge\u00f6ffnet, Lehrbuchsammlung bleibt vorerst geschlossen\u201c<\/span> weiterlesen<\/a><\/p>\n","protected":false},"author":265,"featured_media":0,"comment_status":"open","ping_status":"open","sticky":false,"template":"","format":"standard","meta":{"footnotes":""},"categories":[601],"tags":[728],"class_list":["post-18806","post","type-post","status-publish","format-standard","hentry","category-universitatsbibliothek","tag-lesesaal"],"_links":{"self":[{"href":"https:\/\/blogs.fu-berlin.de\/bibliotheken\/wp-json\/wp\/v2\/posts\/18806","targetHints":{"allow":["GET"]}}],"collection":[{"href":"https:\/\/blogs.fu-berlin.de\/bibliotheken\/wp-json\/wp\/v2\/posts"}],"about":[{"href":"https:\/\/blogs.fu-berlin.de\/bibliotheken\/wp-json\/wp\/v2\/types\/post"}],"author":[{"embeddable":true,"href":"https:\/\/blogs.fu-berlin.de\/bibliotheken\/wp-json\/wp\/v2\/users\/265"}],"replies":[{"embeddable":true,"href":"https:\/\/blogs.fu-berlin.de\/bibliotheken\/wp-json\/wp\/v2\/comments?post=18806"}],"version-history":[{"count":23,"href":"https:\/\/blogs.fu-berlin.de\/bibliotheken\/wp-json\/wp\/v2\/posts\/18806\/revisions"}],"predecessor-version":[{"id":29539,"href":"https:\/\/blogs.fu-berlin.de\/bibliotheken\/wp-json\/wp\/v2\/posts\/18806\/revisions\/29539"}],"wp:attachment":[{"href":"https:\/\/blogs.fu-berlin.de\/bibliotheken\/wp-json\/wp\/v2\/media?parent=18806"}],"wp:term":[{"taxonomy":"category","embeddable":true,"href":"https:\/\/blogs.fu-berlin.de\/bibliotheken\/wp-json\/wp\/v2\/categories?post=18806"},{"taxonomy":"post_tag","embeddable":true,"href":"https:\/\/blogs.fu-berlin.de\/bibliotheken\/wp-json\/wp\/v2\/tags?post=18806"}],"curies":[{"name":"wp","href":"https:\/\/api.w.org\/{rel}","templated":true}]}}