{"id":18840,"date":"2016-01-07T09:00:32","date_gmt":"2016-01-07T08:00:32","guid":{"rendered":"https:\/\/blogs.fu-berlin.de\/bibliotheken\/?p=18840"},"modified":"2021-09-16T11:15:29","modified_gmt":"2021-09-16T10:15:29","slug":"veranstaltungshinweis-podiumsdiskussion-im-paul-loebe-haus","status":"publish","type":"post","link":"https:\/\/blogs.fu-berlin.de\/bibliotheken\/2016\/01\/07\/veranstaltungshinweis-podiumsdiskussion-im-paul-loebe-haus\/","title":{"rendered":"Veranstaltungshinweis: Podiumsdiskussion im Paul-L\u00f6be-Haus"},"content":{"rendered":"\n<p><em><span class=\"has-inline-color has-bright-red-color\">Der Betrieb des \u201eDokumentationszentrums UN \u2013 EU\u201c wird eingestellt. Die entsprechende Literatur bleibt im Bestand und ist weiterhin zug\u00e4nglich.<\/span><\/em><\/p>\n\n\n<p><a href=\"https:\/\/blogs.fu-berlin.de\/bibliotheken\/files\/2016\/01\/cemog-logo-standard-de.png\"><img loading=\"lazy\" decoding=\"async\" class=\"size-full wp-image-18844 alignright\" src=\"https:\/\/blogs.fu-berlin.de\/bibliotheken\/files\/2016\/01\/cemog-logo-standard-de.png\" alt=\"CeMoG-Centrum Modernes Griechenland\" width=\"168\" height=\"130\"><\/a><\/p>\n<p>CeMoG-Centrum Modernes Griechenland<\/p>\n<p>Die <a href=\"https:\/\/www.sogde.org\/\">S\u00fcdosteuropa-Gesellschaft<\/a> und die <a href=\"https:\/\/www.europa-union.de\/ueber-uns\/parlamentariergruppen\/deutscher-bundestag\/\">Parlamentariergruppe der Europa-Union Deutschland<\/a>&nbsp;im Deutschen Bundestag in Kooperation mit dem <a href=\"https:\/\/www.cemog.fu-berlin.de\/index.html\">Centrum Modernes Griechenland (CeMoG)<\/a> an der Freien Universit\u00e4t Berlin laden am Donnerstag, dem 14. Januar um 18:15 Uhr zu einer Diskussion mit Experten und Entscheidungstr\u00e4gern aus Deutschland und Griechenland ein.<\/p>\n<p>Diskutiert wird dabei zu dem Thema<\/p>\n<p><strong>Griechenland im Epizentrum der Krisen: Fl\u00fcchtlingszustrom und Finanzrettung als Bew\u00e4hrungsprobe f\u00fcr Europa<\/strong><\/p>\n<p>Die Veranstaltung findet im Paul-L\u00f6be-Haus des Bundestages statt, Raum E 800, Eingang West, Konrad-Adenauer-Str. 1, 11011 Berlin.<\/p>\n<p>Eine Anmeldung muss bis zum 11. Januar erfolgen.<\/p>\n<p>Weitere Informationen zu der Veranstaltung finden Sie <a href=\"https:\/\/www.cemog.fu-berlin.de\/aktivitaeten\/veranstaltungen\/griechenland-fluechtlingszustrom-finanzrettung.html\">hier<\/a>.<\/p>\n<p>Mehr Literatur zum Thema Europa findet sich auch in unserem&nbsp;<a href=\"https:\/\/www.ub.fu-berlin.de\/bibliothek\/uneu\/\">Dokumentationszentrum&nbsp;UN-EU<\/a>.<\/p>","protected":false},"excerpt":{"rendered":"<p>Der Betrieb des \u201eDokumentationszentrums UN \u2013 EU\u201c wird eingestellt. Die entsprechende Literatur bleibt im Bestand und ist weiterhin zug\u00e4nglich. CeMoG-Centrum Modernes Griechenland Die S\u00fcdosteuropa-Gesellschaft und die Parlamentariergruppe der Europa-Union Deutschland&nbsp;im Deutschen Bundestag in Kooperation mit dem Centrum Modernes Griechenland (CeMoG) an der Freien Universit\u00e4t Berlin laden am Donnerstag, dem 14. Januar um 18:15 Uhr zu &hellip; <a href=\"https:\/\/blogs.fu-berlin.de\/bibliotheken\/2016\/01\/07\/veranstaltungshinweis-podiumsdiskussion-im-paul-loebe-haus\/\" class=\"more-link\"><span class=\"screen-reader-text\">\u201eVeranstaltungshinweis: Podiumsdiskussion im Paul-L\u00f6be-Haus\u201c<\/span> weiterlesen<\/a><\/p>\n","protected":false},"author":343,"featured_media":0,"comment_status":"open","ping_status":"open","sticky":false,"template":"","format":"standard","meta":{"footnotes":""},"categories":[604,70],"tags":[2458,935,2460,2102],"class_list":["post-18840","post","type-post","status-publish","format-standard","hentry","category-ins-netz-geschaut","category-veranstaltungen","tag-dokumentationszentrum-un-eu","tag-europa","tag-podiumsdiskussion","tag-veranstaltung"],"_links":{"self":[{"href":"https:\/\/blogs.fu-berlin.de\/bibliotheken\/wp-json\/wp\/v2\/posts\/18840","targetHints":{"allow":["GET"]}}],"collection":[{"href":"https:\/\/blogs.fu-berlin.de\/bibliotheken\/wp-json\/wp\/v2\/posts"}],"about":[{"href":"https:\/\/blogs.fu-berlin.de\/bibliotheken\/wp-json\/wp\/v2\/types\/post"}],"author":[{"embeddable":true,"href":"https:\/\/blogs.fu-berlin.de\/bibliotheken\/wp-json\/wp\/v2\/users\/343"}],"replies":[{"embeddable":true,"href":"https:\/\/blogs.fu-berlin.de\/bibliotheken\/wp-json\/wp\/v2\/comments?post=18840"}],"version-history":[{"count":6,"href":"https:\/\/blogs.fu-berlin.de\/bibliotheken\/wp-json\/wp\/v2\/posts\/18840\/revisions"}],"predecessor-version":[{"id":29537,"href":"https:\/\/blogs.fu-berlin.de\/bibliotheken\/wp-json\/wp\/v2\/posts\/18840\/revisions\/29537"}],"wp:attachment":[{"href":"https:\/\/blogs.fu-berlin.de\/bibliotheken\/wp-json\/wp\/v2\/media?parent=18840"}],"wp:term":[{"taxonomy":"category","embeddable":true,"href":"https:\/\/blogs.fu-berlin.de\/bibliotheken\/wp-json\/wp\/v2\/categories?post=18840"},{"taxonomy":"post_tag","embeddable":true,"href":"https:\/\/blogs.fu-berlin.de\/bibliotheken\/wp-json\/wp\/v2\/tags?post=18840"}],"curies":[{"name":"wp","href":"https:\/\/api.w.org\/{rel}","templated":true}]}}