{"id":18849,"date":"2016-01-08T10:32:29","date_gmt":"2016-01-08T09:32:29","guid":{"rendered":"https:\/\/blogs.fu-berlin.de\/bibliotheken\/?p=18849"},"modified":"2016-01-08T18:12:32","modified_gmt":"2016-01-08T17:12:32","slug":"kritische-edition-von-mein-kampf-erscheint-beim-ifz-muenchen","status":"publish","type":"post","link":"https:\/\/blogs.fu-berlin.de\/bibliotheken\/2016\/01\/08\/kritische-edition-von-mein-kampf-erscheint-beim-ifz-muenchen\/","title":{"rendered":"Kritische Edition von &#8222;Mein Kampf&#8220; erscheint beim IfZ M\u00fcnchen"},"content":{"rendered":"<p>Heute erscheint eine neue Ausgabe von Hitlers &#8222;Mein Kampf&#8220; als kritische Edition, herausgegeben vom Institut f\u00fcr Zeitgeschichte (IfZ) in M\u00fcnchen. Das IfZ bemerkt dazu auf seiner Webseite u.a.:<\/p>\n<p>&#8222;Am 31. Dezember 2015, 70 Jahre nach Hitlers Todesjahr, sind die Urheberrechte an dessen Buch \u201eMein Kampf\u201c erloschen. Das Institut f\u00fcr Zeitgeschichte hat es sich zum Ziel gesetzt, unmittelbar nach Ablauf dieser Frist eine wissenschaftlich kommentierte Gesamtausgabe vorzulegen.<br \/>\nUnter der Leitung von Dr. Christian Hartmann hat ein Historikerteam &#8222;Mein Kampf&#8220; in mehrj\u00e4hriger Arbeit umfassend aufbereitet: Im Zentrum der kritischen Kommentierung stehen die Dekonstruktion und die Kontextualisierung von Hitlers Schrift: Wie entstanden seine Thesen? Welche Absichten verfolgte er damit? Welchen gesellschaftlichen R\u00fcckhalt besa\u00dfen Hitlers Behauptungen unter seinen Zeitgenossen? Welche Folgen hatten seine Ank\u00fcndigungen nach 1933? Und vor allem: Was l\u00e4sst sich mit dem Stand unseres heutigen Wissens Hitlers unz\u00e4hligen Behauptungen, L\u00fcgen und Absichtserkl\u00e4rungen entgegensetzen?<br \/>\nDies ist nicht nur eine historiografische Aufgabe. Angesichts des hohen Symbolwerts, den Hitlers Buch noch immer hat, ist die Entmystifizierung von \u201eMein Kampf\u201c auch ein Beitrag zur historisch-politischen Aufkl\u00e4rung.&#8220;<\/p>\n<p>Unterdessen ist bereits seit l\u00e4ngerem eine kritische Diskussion im Gange, inwiefern eine Neuver\u00f6ffentlichung bzw. die o.g. Neuver\u00f6ffentlichung des Werks durch das IfZ richtig und sinnvoll ist. Manche kritische Stimmen, darunter vor allem der Germanist Jeremy Adler, halten die Ver\u00f6ffentlichung f\u00fcr gef\u00e4hrlich und lehnen sie grunds\u00e4tzlich ab: &#8222;Es geht darum, dass man als gewissenhafte Institution keine Hetzschriften zu verbreiten hat, die eventuell &#8230; rechtswidrig sein d\u00fcrfte[n]. Das erste Prinzip ist also Recht und dass hier m\u00f6glicherweise ein rechtswidriges Werk ver\u00f6ffentlicht wird &#8230; Ich wei\u00df nicht, was hier richtig sein soll. Was ist richtig verstehen bei einem solchen Buch? Da gibt es kein richtiges Verstehen, da gibt es nur Ablehnung und Verst\u00f6rung.&#8220; (Auszug aus J. Adler im Interview mit dem DLF, 8.1.2016).<\/p>\n<p>Weitere Informationen zu der Edition und der Kontroverse darum finden sich heute und in den vergangenen Tagen in der Tagespresse, die FU-Angeh\u00f6rige und NutzerInnen in FU-Bibliotheken bequem in digitaler Form im Volltext nachvollziehen k\u00f6nnen, u.a. via:<\/p>\n<p><a href=\"https:\/\/vs13.kobv.de\/V\/HB45NH9KHN9J93P8215D4SR7VYKH5FY7RTSMUBMX5SPY1CX9VI-05544?func=native-link&amp;resource=KOB18918\" target=\"_blank\">wiso Presse<\/a><br \/>\n<a href=\"https:\/\/vs13.kobv.de\/V\/HB45NH9KHN9J93P8215D4SR7VYKH5FY7RTSMUBMX5SPY1CX9VI-00059?func=native-link&amp;resource=KOB16690\" target=\"_blank\">S\u00fcddeutsche Zeitung (SZ)<\/a><br \/>\n<a href=\"https:\/\/vs13.kobv.de\/V\/HB45NH9KHN9J93P8215D4SR7VYKH5FY7RTSMUBMX5SPY1CX9VI-00653?func=native-link&amp;resource=KOB18492\" target=\"_blank\">Frankfurter Allgemeine Zeitung (FAZ)<\/a><\/p>\n<p>Weitere Infos unter:<\/p>\n<p><a href=\"https:\/\/www.ifz-muenchen.de\/aktuelles\/themen\/edition-mein-kampf\/\" target=\"_blank\">IfZ M\u00fcnchen: Kritische Edition &#8222;Mein Kampf&#8220;<\/a><br \/>\n<a href=\"https:\/\/www.deutschlandfunk.de\/kontroverse-um-mein-kampf-dieses-buch-beinhaltet-noch-eine.694.de.html?dram:article_id=341871\" target=\"_blank\">Interview mit Jeremy Adler im DLF (8.1.2016) in voller L\u00e4nge<\/a><\/p>\n<p>Die UB der FU Berlin hat sich entschieden die vom IfZ M\u00fcnchen herausgegebene Edition zu erwerben. Dabei k\u00f6nnte es zu Engp\u00e4ssen kommen, denn ger\u00fcchteweise ist die relativ kleine erste Auflage von 4.000 Exemplaren bereits vergriffen.<\/p>\n","protected":false},"excerpt":{"rendered":"<p>Heute erscheint eine neue Ausgabe von Hitlers &#8222;Mein Kampf&#8220; als kritische Edition, herausgegeben vom Institut f\u00fcr Zeitgeschichte (IfZ) in M\u00fcnchen. Das IfZ bemerkt dazu auf seiner Webseite u.a.: &#8222;Am 31. Dezember 2015, 70 Jahre nach Hitlers Todesjahr, sind die Urheberrechte an dessen Buch \u201eMein Kampf\u201c erloschen. Das Institut f\u00fcr Zeitgeschichte hat es sich zum Ziel &hellip; <a href=\"https:\/\/blogs.fu-berlin.de\/bibliotheken\/2016\/01\/08\/kritische-edition-von-mein-kampf-erscheint-beim-ifz-muenchen\/\" class=\"more-link\"><span class=\"screen-reader-text\">\u201eKritische Edition von &#8222;Mein Kampf&#8220; erscheint beim IfZ M\u00fcnchen\u201c<\/span> weiterlesen<\/a><\/p>\n","protected":false},"author":267,"featured_media":0,"comment_status":"open","ping_status":"open","sticky":false,"template":"","format":"standard","meta":{"footnotes":""},"categories":[457,604,492],"tags":[56927,12072,56928],"class_list":["post-18849","post","type-post","status-publish","format-standard","hentry","category-digitale-bibliothek","category-ins-netz-geschaut","category-literaturtipps","tag-mein-kampf","tag-adolf-hitler","tag-kritische-edition"],"_links":{"self":[{"href":"https:\/\/blogs.fu-berlin.de\/bibliotheken\/wp-json\/wp\/v2\/posts\/18849","targetHints":{"allow":["GET"]}}],"collection":[{"href":"https:\/\/blogs.fu-berlin.de\/bibliotheken\/wp-json\/wp\/v2\/posts"}],"about":[{"href":"https:\/\/blogs.fu-berlin.de\/bibliotheken\/wp-json\/wp\/v2\/types\/post"}],"author":[{"embeddable":true,"href":"https:\/\/blogs.fu-berlin.de\/bibliotheken\/wp-json\/wp\/v2\/users\/267"}],"replies":[{"embeddable":true,"href":"https:\/\/blogs.fu-berlin.de\/bibliotheken\/wp-json\/wp\/v2\/comments?post=18849"}],"version-history":[{"count":10,"href":"https:\/\/blogs.fu-berlin.de\/bibliotheken\/wp-json\/wp\/v2\/posts\/18849\/revisions"}],"predecessor-version":[{"id":18861,"href":"https:\/\/blogs.fu-berlin.de\/bibliotheken\/wp-json\/wp\/v2\/posts\/18849\/revisions\/18861"}],"wp:attachment":[{"href":"https:\/\/blogs.fu-berlin.de\/bibliotheken\/wp-json\/wp\/v2\/media?parent=18849"}],"wp:term":[{"taxonomy":"category","embeddable":true,"href":"https:\/\/blogs.fu-berlin.de\/bibliotheken\/wp-json\/wp\/v2\/categories?post=18849"},{"taxonomy":"post_tag","embeddable":true,"href":"https:\/\/blogs.fu-berlin.de\/bibliotheken\/wp-json\/wp\/v2\/tags?post=18849"}],"curies":[{"name":"wp","href":"https:\/\/api.w.org\/{rel}","templated":true}]}}