{"id":18865,"date":"2016-01-12T10:22:16","date_gmt":"2016-01-12T09:22:16","guid":{"rendered":"https:\/\/blogs.fu-berlin.de\/bibliotheken\/?p=18865"},"modified":"2016-01-12T10:22:16","modified_gmt":"2016-01-12T09:22:16","slug":"weltweite-lesung-fuer-ashraf-fayadh","status":"publish","type":"post","link":"https:\/\/blogs.fu-berlin.de\/bibliotheken\/2016\/01\/12\/weltweite-lesung-fuer-ashraf-fayadh\/","title":{"rendered":"Weltweite Lesung f\u00fcr Ashraf Fayadh"},"content":{"rendered":"<p>Das internationale literaturfestival berlin (ilb) ruft alle Menschen, Institutionen, Schulen und Medien, denen Freiheit und B\u00fcrgerrechte wichtig sind, dazu auf, am 14. Januar 2016 um 19.30h als Unterst\u00fctzung f\u00fcr Ashraf Fayadh an einer <a href=\"https:\/\/www.worldwide-reading.com\/\" target=\"_blank\">weltweiten Lesung von Gedichten und Texten<\/a> teilzunehmen. <\/p>\n<p>Die Veranstaltung des ilb wird in Berlin im HAU Hebbel am Ufer (HAU2), dem Partner der Veranstaltung, stattfinden.<\/p>\n<p>Weitere Informationen gibt es auf der <a href=\"https:\/\/www.literaturfestival.com\/aktuelles\/14-01-2016-19-30h-hau-2-weltweite-lesung-fuer-ashraf-fayadh-als-unterstuetzung-fuer-den-in-saudi-arabien-zum-tode-verurteilten-palaestinensischen-dichter\" target=\"_blank\">Webseite des Literaturfestivals<\/a>.<\/p>\n","protected":false},"excerpt":{"rendered":"<p>Das internationale literaturfestival berlin (ilb) ruft alle Menschen, Institutionen, Schulen und Medien, denen Freiheit und B\u00fcrgerrechte wichtig sind, dazu auf, am 14. Januar 2016 um 19.30h als Unterst\u00fctzung f\u00fcr Ashraf Fayadh an einer weltweiten Lesung von Gedichten und Texten teilzunehmen. Die Veranstaltung des ilb wird in Berlin im HAU Hebbel am Ufer (HAU2), dem Partner &hellip; <a href=\"https:\/\/blogs.fu-berlin.de\/bibliotheken\/2016\/01\/12\/weltweite-lesung-fuer-ashraf-fayadh\/\" class=\"more-link\"><span class=\"screen-reader-text\">\u201eWeltweite Lesung f\u00fcr Ashraf Fayadh\u201c<\/span> weiterlesen<\/a><\/p>\n","protected":false},"author":265,"featured_media":0,"comment_status":"open","ping_status":"open","sticky":false,"template":"","format":"standard","meta":{"footnotes":""},"categories":[9,70],"tags":[832,1043],"class_list":["post-18865","post","type-post","status-publish","format-standard","hentry","category-allgemein","category-veranstaltungen","tag-lesung","tag-literaturfestival"],"_links":{"self":[{"href":"https:\/\/blogs.fu-berlin.de\/bibliotheken\/wp-json\/wp\/v2\/posts\/18865","targetHints":{"allow":["GET"]}}],"collection":[{"href":"https:\/\/blogs.fu-berlin.de\/bibliotheken\/wp-json\/wp\/v2\/posts"}],"about":[{"href":"https:\/\/blogs.fu-berlin.de\/bibliotheken\/wp-json\/wp\/v2\/types\/post"}],"author":[{"embeddable":true,"href":"https:\/\/blogs.fu-berlin.de\/bibliotheken\/wp-json\/wp\/v2\/users\/265"}],"replies":[{"embeddable":true,"href":"https:\/\/blogs.fu-berlin.de\/bibliotheken\/wp-json\/wp\/v2\/comments?post=18865"}],"version-history":[{"count":1,"href":"https:\/\/blogs.fu-berlin.de\/bibliotheken\/wp-json\/wp\/v2\/posts\/18865\/revisions"}],"predecessor-version":[{"id":18866,"href":"https:\/\/blogs.fu-berlin.de\/bibliotheken\/wp-json\/wp\/v2\/posts\/18865\/revisions\/18866"}],"wp:attachment":[{"href":"https:\/\/blogs.fu-berlin.de\/bibliotheken\/wp-json\/wp\/v2\/media?parent=18865"}],"wp:term":[{"taxonomy":"category","embeddable":true,"href":"https:\/\/blogs.fu-berlin.de\/bibliotheken\/wp-json\/wp\/v2\/categories?post=18865"},{"taxonomy":"post_tag","embeddable":true,"href":"https:\/\/blogs.fu-berlin.de\/bibliotheken\/wp-json\/wp\/v2\/tags?post=18865"}],"curies":[{"name":"wp","href":"https:\/\/api.w.org\/{rel}","templated":true}]}}