{"id":18868,"date":"2016-01-14T10:00:01","date_gmt":"2016-01-14T09:00:01","guid":{"rendered":"https:\/\/blogs.fu-berlin.de\/bibliotheken\/?p=18868"},"modified":"2021-09-16T11:15:04","modified_gmt":"2021-09-16T10:15:04","slug":"berliner-europa-dialog-am-27-01-2016-prima-klima-die-klimapolitik-nach-dem-un-abkommen-von-paris","status":"publish","type":"post","link":"https:\/\/blogs.fu-berlin.de\/bibliotheken\/2016\/01\/14\/berliner-europa-dialog-am-27-01-2016-prima-klima-die-klimapolitik-nach-dem-un-abkommen-von-paris\/","title":{"rendered":"Berliner Europa-Dialog am 27.01.2016: Prima Klima? Die Klimapolitik nach dem UN-Abkommen von Paris"},"content":{"rendered":"\n<p><em><span class=\"has-inline-color has-bright-red-color\">Der Betrieb des \u201eDokumentationszentrums UN \u2013 EU\u201c wird eingestellt. Die entsprechende Literatur bleibt im Bestand und ist weiterhin zug\u00e4nglich.<\/span><\/em><\/p>\n\n\n<p><a href=\"https:\/\/blogs.fu-berlin.de\/bibliotheken\/files\/2016\/01\/UN-EU_Logo_CMYK.jpg\"><img loading=\"lazy\" decoding=\"async\" class=\" size-medium wp-image-18869 alignright\" src=\"https:\/\/blogs.fu-berlin.de\/bibliotheken\/files\/2016\/01\/UN-EU_Logo_CMYK-300x80.jpg\" alt=\"Logo Dokumentationszentrum UN-EU\" width=\"300\" height=\"80\" srcset=\"https:\/\/blogs.fu-berlin.de\/bibliotheken\/files\/2016\/01\/UN-EU_Logo_CMYK-300x80.jpg 300w, https:\/\/blogs.fu-berlin.de\/bibliotheken\/files\/2016\/01\/UN-EU_Logo_CMYK.jpg 1772w\" sizes=\"auto, (max-width: 300px) 85vw, 300px\" \/><\/a>Das UN-Klimaabkommen von Paris ist in Politik, Medien und Zivilgesellschaft \u00fcberwiegend positiv aufgenommen worden. Erstmals haben sich alle 196 UN-Staaten sowie die Europ\u00e4ische Union dazu verpflichtet, sich ab 2020 auf ehrgeizige Klimaziele festzulegen: Die Erderw\u00e4rmung soll gegen\u00fcber vorindustriellen Zeiten verbindlich auf 2 Grad begrenzt werden \u2013 als Option wurde sogar das 1,5-Grad-Ziel in den Vertragstext aufgenommen.<\/p>\n<p>Um diese Ziele zu erreichen, sollen in der zweiten H\u00e4lfte des Jahrhunderts nicht mehr Klimagase ausgesto\u00dfen werden, als das \u00d6kosystem wieder aufnehmen kann. Ein Schlagwort der Konferenz lautete daher \u201eDekarbonisierung\u201c, also den Ausstieg aus Kohle, \u00d6l und Gas. Nicht zuletzt wurden auch Fragen der globalen Gerechtigkeit zwischen dem Norden und S\u00fcden diskutiert, sind doch vor allem die westlichen Industriestaaten f\u00fcr den Klimawandel verantwortlich.<\/p>\n<p>Kommt das Abkommen noch rechtzeitig, um den Prozess der Erderw\u00e4rmung zu bremsen? Werden alle Staaten \u2013 besonders die gro\u00dfen Verursacher von Treibhausgasen \u2013 ihre Verpflichtungen erf\u00fcllen und das Abkommen ratifizieren? Oder muss bef\u00fcrchtet werden, dass wichtige Vertragspartner wie die USA nach einem innenpolitischen \u201eKlimawechsel\u201c aussteigen?<\/p>\n<p>Diese und weitere Fragen m\u00f6chten wir mit Ihnen und den Teilnehmerinnen und Teilnehmern unseres Podiums diskutieren.<\/p>\n<p>Die Veranstaltung findet am <strong>27.01.2016 von 18:30-20:30 Uhr <\/strong>in der Freien Universit\u00e4t Berlin, Henry-Ford-Bau, H\u00f6rsaal A, Garystra\u00dfe 35, 14195 Berlin- Dahlem (U3 Thielplatz) statt. Sie wird moderiert von <strong>Prof. Dr. Tanja A. B\u00f6rzel<\/strong>, Leiterin der Arbeitsstelle Europ\u00e4ische Integration der Freien Universit\u00e4t Berlin.<\/p>\n<p>Als Referentinnen und Referenten sind eingeladen:<\/p>\n<ul>\n<li><strong>Olaf Bandt<\/strong>, Bundesgesch\u00e4ftsf\u00fchrer Politik und Kommunikation, BUND- Bundesverband<\/li>\n<li><strong> Joachim Hein<\/strong>, Referent Abteilung Energie- und Klimapolitik, Bundesverband der Deutschen Industrie (BDI)<\/li>\n<\/ul>\n<ul>\n<li><strong> Karsten Sach<\/strong>, Unterabteilungsleiter Europa und Internationales, Bundesministerium f\u00fcr Umwelt, Naturschutz, Bau und Reaktorsicherheit (BMUB)<\/li>\n<\/ul>\n<ul>\n<li><strong> Dr. Miranda Schreurs<\/strong>, Professorin f\u00fcr Vergleichende Politikwissenschaft und Leiterin des Forschungszentrums f\u00fcr Umweltpolitik, Freie Universit\u00e4t Berlin<\/li>\n<\/ul>\n<p>&nbsp;<\/p>\n<p>Wir w\u00fcrden uns freuen, Sie zu der Podiumsdiskussion begr\u00fc\u00dfen zu d\u00fcrfen. Ihre Anmeldung senden Sie bitte bis zum <strong>26.01.2016 <\/strong>an <a href=\"mailto:info@eu-infozentrum-berlin.de\">info@eu-infozentrum-berlin.de <\/a>Die Veranstaltung im Rahmen der Reihe \u201eBerliner Europa-Dialog\u201c wird kooperativ organisiert vom Europ\u00e4ischen Informationszentrum Berlin (Tr\u00e4ger: Deutsche Gesellschaft e.V.), dem Dokumentationszentrum Vereinte Nationen \u2013 Europ\u00e4ische Union der Freien Universit\u00e4t Berlin sowie der Europa-Union Berlin e.V.<\/p>\n<p>&nbsp;<\/p>\n<p>&nbsp;<\/p>\n<p><a href=\"https:\/\/blogs.fu-berlin.de\/bibliotheken\/files\/2016\/01\/EUB.jpg\"><img loading=\"lazy\" decoding=\"async\" class=\" size-full wp-image-18871 alignleft\" src=\"https:\/\/blogs.fu-berlin.de\/bibliotheken\/files\/2016\/01\/EUB.jpg\" alt=\"EUB\" width=\"137\" height=\"82\"><\/a><\/p>\n<p><a href=\"https:\/\/blogs.fu-berlin.de\/bibliotheken\/files\/2016\/01\/DG_Logo.jpg\"><img loading=\"lazy\" decoding=\"async\" class=\" size-full wp-image-18872 alignright\" src=\"https:\/\/blogs.fu-berlin.de\/bibliotheken\/files\/2016\/01\/DG_Logo.jpg\" alt=\"DG_Logo\" width=\"186\" height=\"80\"><\/a>&nbsp; &nbsp; &nbsp; &nbsp; &nbsp;&nbsp; <a href=\"https:\/\/blogs.fu-berlin.de\/bibliotheken\/files\/2016\/01\/EIZ-Berlin-gro\u00df.jpg\"><img loading=\"lazy\" decoding=\"async\" class=\"  wp-image-18870 alignnone\" src=\"https:\/\/blogs.fu-berlin.de\/bibliotheken\/files\/2016\/01\/EIZ-Berlin-gro\u00df-300x275.jpg\" alt=\"EIZ Berlin\" width=\"132\" height=\"121\" srcset=\"https:\/\/blogs.fu-berlin.de\/bibliotheken\/files\/2016\/01\/EIZ-Berlin-gro\u00df-300x275.jpg 300w, https:\/\/blogs.fu-berlin.de\/bibliotheken\/files\/2016\/01\/EIZ-Berlin-gro\u00df.jpg 837w\" sizes=\"auto, (max-width: 132px) 85vw, 132px\" \/><\/a><\/p>","protected":false},"excerpt":{"rendered":"<p>Der Betrieb des \u201eDokumentationszentrums UN \u2013 EU\u201c wird eingestellt. Die entsprechende Literatur bleibt im Bestand und ist weiterhin zug\u00e4nglich. Das UN-Klimaabkommen von Paris ist in Politik, Medien und Zivilgesellschaft \u00fcberwiegend positiv aufgenommen worden. Erstmals haben sich alle 196 UN-Staaten sowie die Europ\u00e4ische Union dazu verpflichtet, sich ab 2020 auf ehrgeizige Klimaziele festzulegen: Die Erderw\u00e4rmung soll &hellip; <a href=\"https:\/\/blogs.fu-berlin.de\/bibliotheken\/2016\/01\/14\/berliner-europa-dialog-am-27-01-2016-prima-klima-die-klimapolitik-nach-dem-un-abkommen-von-paris\/\" class=\"more-link\"><span class=\"screen-reader-text\">\u201eBerliner Europa-Dialog am 27.01.2016: Prima Klima? Die Klimapolitik nach dem UN-Abkommen von Paris\u201c<\/span> weiterlesen<\/a><\/p>\n","protected":false},"author":343,"featured_media":0,"comment_status":"open","ping_status":"open","sticky":false,"template":"","format":"standard","meta":{"footnotes":""},"categories":[70],"tags":[56901,2458,56929],"class_list":["post-18868","post","type-post","status-publish","format-standard","hentry","category-veranstaltungen","tag-berliner-europa-dialog","tag-dokumentationszentrum-un-eu","tag-klimapolitik"],"_links":{"self":[{"href":"https:\/\/blogs.fu-berlin.de\/bibliotheken\/wp-json\/wp\/v2\/posts\/18868","targetHints":{"allow":["GET"]}}],"collection":[{"href":"https:\/\/blogs.fu-berlin.de\/bibliotheken\/wp-json\/wp\/v2\/posts"}],"about":[{"href":"https:\/\/blogs.fu-berlin.de\/bibliotheken\/wp-json\/wp\/v2\/types\/post"}],"author":[{"embeddable":true,"href":"https:\/\/blogs.fu-berlin.de\/bibliotheken\/wp-json\/wp\/v2\/users\/343"}],"replies":[{"embeddable":true,"href":"https:\/\/blogs.fu-berlin.de\/bibliotheken\/wp-json\/wp\/v2\/comments?post=18868"}],"version-history":[{"count":9,"href":"https:\/\/blogs.fu-berlin.de\/bibliotheken\/wp-json\/wp\/v2\/posts\/18868\/revisions"}],"predecessor-version":[{"id":29535,"href":"https:\/\/blogs.fu-berlin.de\/bibliotheken\/wp-json\/wp\/v2\/posts\/18868\/revisions\/29535"}],"wp:attachment":[{"href":"https:\/\/blogs.fu-berlin.de\/bibliotheken\/wp-json\/wp\/v2\/media?parent=18868"}],"wp:term":[{"taxonomy":"category","embeddable":true,"href":"https:\/\/blogs.fu-berlin.de\/bibliotheken\/wp-json\/wp\/v2\/categories?post=18868"},{"taxonomy":"post_tag","embeddable":true,"href":"https:\/\/blogs.fu-berlin.de\/bibliotheken\/wp-json\/wp\/v2\/tags?post=18868"}],"curies":[{"name":"wp","href":"https:\/\/api.w.org\/{rel}","templated":true}]}}