{"id":18881,"date":"2016-01-18T10:00:11","date_gmt":"2016-01-18T09:00:11","guid":{"rendered":"https:\/\/blogs.fu-berlin.de\/bibliotheken\/?p=18881"},"modified":"2021-09-16T11:14:41","modified_gmt":"2021-09-16T10:14:41","slug":"sprechstunde-zu-berufsmoeglichkeiten-bei-der-europaeischen-union","status":"publish","type":"post","link":"https:\/\/blogs.fu-berlin.de\/bibliotheken\/2016\/01\/18\/sprechstunde-zu-berufsmoeglichkeiten-bei-der-europaeischen-union\/","title":{"rendered":"Sprechstunde zu Berufsm\u00f6glichkeiten bei der Europ\u00e4ischen Union"},"content":{"rendered":"\n<p><em><span class=\"has-inline-color has-bright-red-color\">Der Betrieb des \u201eDokumentationszentrums UN \u2013 EU\u201c wird eingestellt. Die entsprechende Literatur bleibt im Bestand und ist weiterhin zug\u00e4nglich.<\/span><\/em><\/p>\n\n\n<p><a href=\"https:\/\/blogs.fu-berlin.de\/bibliotheken\/files\/2016\/01\/Logo_EU_Careers.jpg\"><img loading=\"lazy\" decoding=\"async\" class=\"  wp-image-18883 alignright\" src=\"https:\/\/blogs.fu-berlin.de\/bibliotheken\/files\/2016\/01\/Logo_EU_Careers-300x298.jpg\" alt=\"Logo_EU_Careers\" width=\"175\" height=\"174\" srcset=\"https:\/\/blogs.fu-berlin.de\/bibliotheken\/files\/2016\/01\/Logo_EU_Careers-300x298.jpg 300w, https:\/\/blogs.fu-berlin.de\/bibliotheken\/files\/2016\/01\/Logo_EU_Careers-150x150.jpg 150w, https:\/\/blogs.fu-berlin.de\/bibliotheken\/files\/2016\/01\/Logo_EU_Careers.jpg 343w\" sizes=\"auto, (max-width: 175px) 85vw, 175px\" \/><\/a>Am 25.1. und am 8.2.&nbsp; bietet Isabel Fauth als Career Ambassador der EU noch einmal die M\u00f6glichkeit an, sich im Wintersemester 2015\/16 \u00fcber die Berufsm\u00f6glichkeiten bei der Europ\u00e4ischen Union zu informieren. Dabei wird sie Fragen rund um den Berufseinstieg, die Bewerbungsvoraussetzungen und -verfahren beantworten.<\/p>\n<p>Die <a href=\"https:\/\/www.fu-berlin.de\/sites\/career\/veranstaltungen\/Veranstaltungen-zum-Berufseinstieg\/Career-Service-Veranstaltungen\/EU_Careers_WS15-16.html\">Sprechstunde<\/a> findet jeweils von 14:15 bis 15:45 Uhr statt. Anmeldungen bitte an <a href=\"mailto:eucareers.fuberlin@eu-careers.eu\">eucareers.fuberlin@eu-careers.eu<\/a>. Veranstaltungsort wird nach der Anmeldung bekannt gegeben.<\/p>\n<p>Weitere Informationen zur Europ\u00e4ischen Union finden Sie auch in unserem&nbsp;<a href=\"https:\/\/www.ub.fu-berlin.de\/bibliothek\/uneu\/\">Dokumentationszentrum&nbsp;UN-EU<\/a>.<\/p>","protected":false},"excerpt":{"rendered":"<p>Der Betrieb des \u201eDokumentationszentrums UN \u2013 EU\u201c wird eingestellt. Die entsprechende Literatur bleibt im Bestand und ist weiterhin zug\u00e4nglich. Am 25.1. und am 8.2.&nbsp; bietet Isabel Fauth als Career Ambassador der EU noch einmal die M\u00f6glichkeit an, sich im Wintersemester 2015\/16 \u00fcber die Berufsm\u00f6glichkeiten bei der Europ\u00e4ischen Union zu informieren. Dabei wird sie Fragen rund &hellip; <a href=\"https:\/\/blogs.fu-berlin.de\/bibliotheken\/2016\/01\/18\/sprechstunde-zu-berufsmoeglichkeiten-bei-der-europaeischen-union\/\" class=\"more-link\"><span class=\"screen-reader-text\">\u201eSprechstunde zu Berufsm\u00f6glichkeiten bei der Europ\u00e4ischen Union\u201c<\/span> weiterlesen<\/a><\/p>\n","protected":false},"author":343,"featured_media":0,"comment_status":"open","ping_status":"open","sticky":false,"template":"","format":"standard","meta":{"footnotes":""},"categories":[491],"tags":[2458,1977],"class_list":["post-18881","post","type-post","status-publish","format-standard","hentry","category-lernangebote-kurse","tag-dokumentationszentrum-un-eu","tag-europaische-union"],"_links":{"self":[{"href":"https:\/\/blogs.fu-berlin.de\/bibliotheken\/wp-json\/wp\/v2\/posts\/18881","targetHints":{"allow":["GET"]}}],"collection":[{"href":"https:\/\/blogs.fu-berlin.de\/bibliotheken\/wp-json\/wp\/v2\/posts"}],"about":[{"href":"https:\/\/blogs.fu-berlin.de\/bibliotheken\/wp-json\/wp\/v2\/types\/post"}],"author":[{"embeddable":true,"href":"https:\/\/blogs.fu-berlin.de\/bibliotheken\/wp-json\/wp\/v2\/users\/343"}],"replies":[{"embeddable":true,"href":"https:\/\/blogs.fu-berlin.de\/bibliotheken\/wp-json\/wp\/v2\/comments?post=18881"}],"version-history":[{"count":5,"href":"https:\/\/blogs.fu-berlin.de\/bibliotheken\/wp-json\/wp\/v2\/posts\/18881\/revisions"}],"predecessor-version":[{"id":29533,"href":"https:\/\/blogs.fu-berlin.de\/bibliotheken\/wp-json\/wp\/v2\/posts\/18881\/revisions\/29533"}],"wp:attachment":[{"href":"https:\/\/blogs.fu-berlin.de\/bibliotheken\/wp-json\/wp\/v2\/media?parent=18881"}],"wp:term":[{"taxonomy":"category","embeddable":true,"href":"https:\/\/blogs.fu-berlin.de\/bibliotheken\/wp-json\/wp\/v2\/categories?post=18881"},{"taxonomy":"post_tag","embeddable":true,"href":"https:\/\/blogs.fu-berlin.de\/bibliotheken\/wp-json\/wp\/v2\/tags?post=18881"}],"curies":[{"name":"wp","href":"https:\/\/api.w.org\/{rel}","templated":true}]}}