{"id":18962,"date":"2016-02-04T18:00:50","date_gmt":"2016-02-04T17:00:50","guid":{"rendered":"https:\/\/blogs.fu-berlin.de\/bibliotheken\/?p=18962"},"modified":"2021-09-16T11:13:48","modified_gmt":"2021-09-16T10:13:48","slug":"jetzt-fuer-die-eu-sustainable-energy-awards-bewerben","status":"publish","type":"post","link":"https:\/\/blogs.fu-berlin.de\/bibliotheken\/2016\/02\/04\/jetzt-fuer-die-eu-sustainable-energy-awards-bewerben\/","title":{"rendered":"Jetzt f\u00fcr die EU Sustainable Energy Awards bewerben"},"content":{"rendered":"\n<p><em><span class=\"has-inline-color has-bright-red-color\">Der Betrieb des \u201eDokumentationszentrums UN \u2013 EU\u201c wird eingestellt. Die entsprechende Literatur bleibt im Bestand und ist weiterhin zug\u00e4nglich.<\/span><\/em><\/p>\n\n\n<p><a href=\"https:\/\/blogs.fu-berlin.de\/bibliotheken\/files\/2016\/02\/sustainableEnergyAwardsWeb.jpg\"><img loading=\"lazy\" decoding=\"async\" class=\" size-medium wp-image-18964 alignright\" src=\"https:\/\/blogs.fu-berlin.de\/bibliotheken\/files\/2016\/02\/sustainableEnergyAwardsWeb-300x110.jpg\" alt=\"sustainableEnergyAwards\" width=\"300\" height=\"110\" srcset=\"https:\/\/blogs.fu-berlin.de\/bibliotheken\/files\/2016\/02\/sustainableEnergyAwardsWeb-300x110.jpg 300w, https:\/\/blogs.fu-berlin.de\/bibliotheken\/files\/2016\/02\/sustainableEnergyAwardsWeb.jpg 652w\" sizes=\"auto, (max-width: 300px) 85vw, 300px\" \/><\/a>Noch bis zum 22. Februar kann man sich f\u00fcr die <a href=\"https:\/\/www.eusew.eu\/about-awards-competition\">EU Sustailable Energy Awards<\/a> bewerben. Gesucht werden innovative Projekte, die sich um Energieeffizienz oder erneuerbare Energien drehen.<\/p>\n<p>Die Projekte m\u00fcssen als Anforderung in der EU oder weiteren, in den Wettbewershinweisen nachlesbaren Staaten angesiedelt sein. Des Weiteren muss die praktische Anwendung \u00fcberall reproduzierbar sowie noch aktiv oder nach dem Juni 2015 sein.<\/p>\n<p>Die Verleihung der Awards wird im Rahmen der EU Sustainable Energy Week im Juni stattfinden.<\/p>\n<p>Die Preise werden in den Kategorien &#8222;consumer&#8220; (Aktionen, die einzelne Konsumenten beeinflusst), &#8222;public sector&#8220; (beispielhafte Initiativen, die von \u00f6ffentlichen oder Non-profit Organisationen durchgef\u00fchrt werden), &#8222;business&#8220; (f\u00fcr voraus denkendes Unternehmertum), und &#8222;citizens&#8220; (eine offene Online-Abstimmung f\u00fcr alle Nominierten der vorhergegangenen Kategorien) vergeben. Weiteres kann auf der <a href=\"https:\/\/www.eusew.eu\/\">Website der Sustainable Energy Week<\/a> nachgelesen werden.<\/p>\n<p>Noch mehr Informationen zur EU bekommen Sie in unserem <a href=\"https:\/\/www.ub.fu-berlin.de\/bibliothek\/uneu\/\">Dokumentationszentrum&nbsp;UN-EU<\/a>.<\/p>","protected":false},"excerpt":{"rendered":"<p>Der Betrieb des \u201eDokumentationszentrums UN \u2013 EU\u201c wird eingestellt. Die entsprechende Literatur bleibt im Bestand und ist weiterhin zug\u00e4nglich. Noch bis zum 22. Februar kann man sich f\u00fcr die EU Sustailable Energy Awards bewerben. Gesucht werden innovative Projekte, die sich um Energieeffizienz oder erneuerbare Energien drehen. Die Projekte m\u00fcssen als Anforderung in der EU oder &hellip; <a href=\"https:\/\/blogs.fu-berlin.de\/bibliotheken\/2016\/02\/04\/jetzt-fuer-die-eu-sustainable-energy-awards-bewerben\/\" class=\"more-link\"><span class=\"screen-reader-text\">\u201eJetzt f\u00fcr die EU Sustainable Energy Awards bewerben\u201c<\/span> weiterlesen<\/a><\/p>\n","protected":false},"author":343,"featured_media":0,"comment_status":"open","ping_status":"open","sticky":false,"template":"","format":"standard","meta":{"footnotes":""},"categories":[604],"tags":[2458,16974,1977,56938],"class_list":["post-18962","post","type-post","status-publish","format-standard","hentry","category-ins-netz-geschaut","tag-dokumentationszentrum-un-eu","tag-erneuerbare-energien","tag-europaische-union","tag-sustainable-energy-week"],"_links":{"self":[{"href":"https:\/\/blogs.fu-berlin.de\/bibliotheken\/wp-json\/wp\/v2\/posts\/18962","targetHints":{"allow":["GET"]}}],"collection":[{"href":"https:\/\/blogs.fu-berlin.de\/bibliotheken\/wp-json\/wp\/v2\/posts"}],"about":[{"href":"https:\/\/blogs.fu-berlin.de\/bibliotheken\/wp-json\/wp\/v2\/types\/post"}],"author":[{"embeddable":true,"href":"https:\/\/blogs.fu-berlin.de\/bibliotheken\/wp-json\/wp\/v2\/users\/343"}],"replies":[{"embeddable":true,"href":"https:\/\/blogs.fu-berlin.de\/bibliotheken\/wp-json\/wp\/v2\/comments?post=18962"}],"version-history":[{"count":7,"href":"https:\/\/blogs.fu-berlin.de\/bibliotheken\/wp-json\/wp\/v2\/posts\/18962\/revisions"}],"predecessor-version":[{"id":29529,"href":"https:\/\/blogs.fu-berlin.de\/bibliotheken\/wp-json\/wp\/v2\/posts\/18962\/revisions\/29529"}],"wp:attachment":[{"href":"https:\/\/blogs.fu-berlin.de\/bibliotheken\/wp-json\/wp\/v2\/media?parent=18962"}],"wp:term":[{"taxonomy":"category","embeddable":true,"href":"https:\/\/blogs.fu-berlin.de\/bibliotheken\/wp-json\/wp\/v2\/categories?post=18962"},{"taxonomy":"post_tag","embeddable":true,"href":"https:\/\/blogs.fu-berlin.de\/bibliotheken\/wp-json\/wp\/v2\/tags?post=18962"}],"curies":[{"name":"wp","href":"https:\/\/api.w.org\/{rel}","templated":true}]}}