{"id":18976,"date":"2016-02-11T09:00:30","date_gmt":"2016-02-11T08:00:30","guid":{"rendered":"https:\/\/blogs.fu-berlin.de\/bibliotheken\/?p=18976"},"modified":"2021-09-16T11:13:22","modified_gmt":"2021-09-16T10:13:22","slug":"neuerscheinungshinweis_fluechtlingskrise","status":"publish","type":"post","link":"https:\/\/blogs.fu-berlin.de\/bibliotheken\/2016\/02\/11\/neuerscheinungshinweis_fluechtlingskrise\/","title":{"rendered":"Neuerscheinungshinweis: Zeitliche Darstellung der Reaktionen der EU auf das Ansteigen des Fl\u00fcchtlingszustroms"},"content":{"rendered":"\n<p><em><span class=\"has-inline-color has-bright-red-color\">Der Betrieb des \u201eDokumentationszentrums UN \u2013 EU\u201c wird eingestellt. Die entsprechende Literatur bleibt im Bestand und ist weiterhin zug\u00e4nglich.<\/span><\/em><\/p>\n\n\n<p>In Hinsicht auf die aktuelle Fl\u00fcchtlingskrise m\u00f6chten wir gerne auf einen frisch in Primo eingearbeiteten, online verf\u00fcgbaren Artikel hinweisen:<\/p>\n<p><a href=\"https:\/\/primo.kobv.de\/FUB:FUB_ALEPH005566151\">Schmitt, Desir\u00e9e, Reaktionen der EU auf das starke Ansteigen des Fl\u00fcchtlingszustroms seit April 2015 \u2013 eine zeitliche Darstellung, Saar Blueprints, 01\/2016 DE.<\/a><\/p>\n<p>Bei den Saarbr\u00fccken Blueprints handelt es sich um eine E-Paper Serie, welche die Entwicklung der Europ\u00e4ischen Union beleuchtet und der \u00d6ffentlichkeit zug\u00e4nglich macht.<\/p>\n<p>Noch mehr Informationen zur EU bekommen Sie in unserem <a href=\"https:\/\/www.ub.fu-berlin.de\/bibliothek\/uneu\/\">Dokumentationszentrum&nbsp;UN-EU<\/a>.<\/p>\n<p>&nbsp;<\/p>","protected":false},"excerpt":{"rendered":"<p>Der Betrieb des \u201eDokumentationszentrums UN \u2013 EU\u201c wird eingestellt. Die entsprechende Literatur bleibt im Bestand und ist weiterhin zug\u00e4nglich. In Hinsicht auf die aktuelle Fl\u00fcchtlingskrise m\u00f6chten wir gerne auf einen frisch in Primo eingearbeiteten, online verf\u00fcgbaren Artikel hinweisen: Schmitt, Desir\u00e9e, Reaktionen der EU auf das starke Ansteigen des Fl\u00fcchtlingszustroms seit April 2015 \u2013 eine zeitliche &hellip; <a href=\"https:\/\/blogs.fu-berlin.de\/bibliotheken\/2016\/02\/11\/neuerscheinungshinweis_fluechtlingskrise\/\" class=\"more-link\"><span class=\"screen-reader-text\">\u201eNeuerscheinungshinweis: Zeitliche Darstellung der Reaktionen der EU auf das Ansteigen des Fl\u00fcchtlingszustroms\u201c<\/span> weiterlesen<\/a><\/p>\n","protected":false},"author":343,"featured_media":0,"comment_status":"open","ping_status":"open","sticky":false,"template":"","format":"standard","meta":{"footnotes":""},"categories":[492,584805],"tags":[2458,1977,2963,640],"class_list":["post-18976","post","type-post","status-publish","format-standard","hentry","category-literaturtipps","category-was-ist-neu","tag-dokumentationszentrum-un-eu","tag-europaische-union","tag-fluchtlingspolitik","tag-lizenzfrei"],"_links":{"self":[{"href":"https:\/\/blogs.fu-berlin.de\/bibliotheken\/wp-json\/wp\/v2\/posts\/18976","targetHints":{"allow":["GET"]}}],"collection":[{"href":"https:\/\/blogs.fu-berlin.de\/bibliotheken\/wp-json\/wp\/v2\/posts"}],"about":[{"href":"https:\/\/blogs.fu-berlin.de\/bibliotheken\/wp-json\/wp\/v2\/types\/post"}],"author":[{"embeddable":true,"href":"https:\/\/blogs.fu-berlin.de\/bibliotheken\/wp-json\/wp\/v2\/users\/343"}],"replies":[{"embeddable":true,"href":"https:\/\/blogs.fu-berlin.de\/bibliotheken\/wp-json\/wp\/v2\/comments?post=18976"}],"version-history":[{"count":6,"href":"https:\/\/blogs.fu-berlin.de\/bibliotheken\/wp-json\/wp\/v2\/posts\/18976\/revisions"}],"predecessor-version":[{"id":29527,"href":"https:\/\/blogs.fu-berlin.de\/bibliotheken\/wp-json\/wp\/v2\/posts\/18976\/revisions\/29527"}],"wp:attachment":[{"href":"https:\/\/blogs.fu-berlin.de\/bibliotheken\/wp-json\/wp\/v2\/media?parent=18976"}],"wp:term":[{"taxonomy":"category","embeddable":true,"href":"https:\/\/blogs.fu-berlin.de\/bibliotheken\/wp-json\/wp\/v2\/categories?post=18976"},{"taxonomy":"post_tag","embeddable":true,"href":"https:\/\/blogs.fu-berlin.de\/bibliotheken\/wp-json\/wp\/v2\/tags?post=18976"}],"curies":[{"name":"wp","href":"https:\/\/api.w.org\/{rel}","templated":true}]}}