{"id":18997,"date":"2016-02-18T10:00:25","date_gmt":"2016-02-18T09:00:25","guid":{"rendered":"https:\/\/blogs.fu-berlin.de\/bibliotheken\/?p=18997"},"modified":"2021-09-17T13:23:53","modified_gmt":"2021-09-17T12:23:53","slug":"neuer-human-rights-watch-report","status":"publish","type":"post","link":"https:\/\/blogs.fu-berlin.de\/bibliotheken\/2016\/02\/18\/neuer-human-rights-watch-report\/","title":{"rendered":"Neuer Human Rights Watch Report"},"content":{"rendered":"\n<p><em><span class=\"has-inline-color has-bright-red-color\">Der Betrieb des \u201eDokumentationszentrums UN \u2013 EU\u201c wird eingestellt. Die entsprechende Literatur bleibt im Bestand und ist weiterhin zug\u00e4nglich.<\/span><\/em><\/p>\n\n\n<p><img loading=\"lazy\" decoding=\"async\" class=\"  wp-image-18999 alignright\" src=\"https:\/\/blogs.fu-berlin.de\/bibliotheken\/files\/2016\/02\/logo-300x300.jpg\" alt=\"Logo_Human_Rights_Watch\" width=\"159\" height=\"159\" srcset=\"https:\/\/blogs.fu-berlin.de\/bibliotheken\/files\/2016\/02\/logo-300x300.jpg 300w, https:\/\/blogs.fu-berlin.de\/bibliotheken\/files\/2016\/02\/logo-150x150.jpg 150w, https:\/\/blogs.fu-berlin.de\/bibliotheken\/files\/2016\/02\/logo.jpg 360w\" sizes=\"auto, (max-width: 159px) 85vw, 159px\" \/>Zu Beginn eines neuen Jahres erscheinen neue Jahresberichte. So auch der <a href=\"https:\/\/primo.kobv.de\/FUB:FUB_SFX110978979436242\">World Report 2016<\/a> von <a href=\"https:\/\/www.hrw.org\/\">Human Rights Watch<\/a>.<\/p>\n<p>Der 26. Jahresbericht dokumentiert die Menschenrechtslage in \u00fcber 90 Staaten und Regionen und reflektiert die Arbeit der Nichtregierungsorganisationen in den Gebieten im Jahr 2015.<\/p>\n<p>F\u00fcr die Europ\u00e4ische Union sind Themen beispielsweise die Einwanderungs- und Asylpolitik sowie die Terrorismusbek\u00e4mpfung.<\/p>\n<p>&nbsp;<\/p>\n<p>Noch mehr Informationen zur Human Rights Watch bekommen Sie in unserem <a href=\"https:\/\/primo.kobv.de\/primo_library\/libweb\/action\/search.do?&amp;vid=FUB&amp;\">Primo Online-Katalog.<\/a><\/p>","protected":false},"excerpt":{"rendered":"<p>Der Betrieb des \u201eDokumentationszentrums UN \u2013 EU\u201c wird eingestellt. Die entsprechende Literatur bleibt im Bestand und ist weiterhin zug\u00e4nglich. Zu Beginn eines neuen Jahres erscheinen neue Jahresberichte. So auch der World Report 2016 von Human Rights Watch. Der 26. Jahresbericht dokumentiert die Menschenrechtslage in \u00fcber 90 Staaten und Regionen und reflektiert die Arbeit der Nichtregierungsorganisationen &hellip; <a href=\"https:\/\/blogs.fu-berlin.de\/bibliotheken\/2016\/02\/18\/neuer-human-rights-watch-report\/\" class=\"more-link\"><span class=\"screen-reader-text\">\u201eNeuer Human Rights Watch Report\u201c<\/span> weiterlesen<\/a><\/p>\n","protected":false},"author":343,"featured_media":0,"comment_status":"open","ping_status":"open","sticky":false,"template":"","format":"standard","meta":{"footnotes":""},"categories":[492,584805],"tags":[2458,2112,18559],"class_list":["post-18997","post","type-post","status-publish","format-standard","hentry","category-literaturtipps","category-was-ist-neu","tag-dokumentationszentrum-un-eu","tag-e-zeitschrift","tag-human-rights-watch"],"_links":{"self":[{"href":"https:\/\/blogs.fu-berlin.de\/bibliotheken\/wp-json\/wp\/v2\/posts\/18997","targetHints":{"allow":["GET"]}}],"collection":[{"href":"https:\/\/blogs.fu-berlin.de\/bibliotheken\/wp-json\/wp\/v2\/posts"}],"about":[{"href":"https:\/\/blogs.fu-berlin.de\/bibliotheken\/wp-json\/wp\/v2\/types\/post"}],"author":[{"embeddable":true,"href":"https:\/\/blogs.fu-berlin.de\/bibliotheken\/wp-json\/wp\/v2\/users\/343"}],"replies":[{"embeddable":true,"href":"https:\/\/blogs.fu-berlin.de\/bibliotheken\/wp-json\/wp\/v2\/comments?post=18997"}],"version-history":[{"count":3,"href":"https:\/\/blogs.fu-berlin.de\/bibliotheken\/wp-json\/wp\/v2\/posts\/18997\/revisions"}],"predecessor-version":[{"id":29774,"href":"https:\/\/blogs.fu-berlin.de\/bibliotheken\/wp-json\/wp\/v2\/posts\/18997\/revisions\/29774"}],"wp:attachment":[{"href":"https:\/\/blogs.fu-berlin.de\/bibliotheken\/wp-json\/wp\/v2\/media?parent=18997"}],"wp:term":[{"taxonomy":"category","embeddable":true,"href":"https:\/\/blogs.fu-berlin.de\/bibliotheken\/wp-json\/wp\/v2\/categories?post=18997"},{"taxonomy":"post_tag","embeddable":true,"href":"https:\/\/blogs.fu-berlin.de\/bibliotheken\/wp-json\/wp\/v2\/tags?post=18997"}],"curies":[{"name":"wp","href":"https:\/\/api.w.org\/{rel}","templated":true}]}}