{"id":19038,"date":"2016-02-25T10:00:19","date_gmt":"2016-02-25T09:00:19","guid":{"rendered":"https:\/\/blogs.fu-berlin.de\/bibliotheken\/?p=19038"},"modified":"2021-09-17T13:00:44","modified_gmt":"2021-09-17T12:00:44","slug":"mit-dem-ep-news-hub-das-parlament-im-blick","status":"publish","type":"post","link":"https:\/\/blogs.fu-berlin.de\/bibliotheken\/2016\/02\/25\/mit-dem-ep-news-hub-das-parlament-im-blick\/","title":{"rendered":"Mit dem EP News Hub das Parlament im Blick"},"content":{"rendered":"\n<p><em><span class=\"has-inline-color has-bright-red-color\">Der Betrieb des \u201eDokumentationszentrums UN \u2013 EU\u201c wird eingestellt. Die entsprechende Literatur bleibt im Bestand und ist weiterhin zug\u00e4nglich.<\/span><\/em><\/p>\n\n\n<p>Viele Politiker sind mit ihren <a href=\"https:\/\/blogs.fu-berlin.de\/bibliotheken\/files\/2016\/02\/EP-News-Hub.jpg\"><img loading=\"lazy\" decoding=\"async\" class=\" size-medium wp-image-19040 alignright\" src=\"https:\/\/blogs.fu-berlin.de\/bibliotheken\/files\/2016\/02\/EP-News-Hub-300x94.jpg\" alt=\"Logo_EP_News_Hub\" width=\"300\" height=\"94\" srcset=\"https:\/\/blogs.fu-berlin.de\/bibliotheken\/files\/2016\/02\/EP-News-Hub-300x94.jpg 300w, https:\/\/blogs.fu-berlin.de\/bibliotheken\/files\/2016\/02\/EP-News-Hub.jpg 342w\" sizes=\"auto, (max-width: 300px) 85vw, 300px\" \/><\/a>Teams in Sozialen Netzwerken wie Twitter und Facebook aktiv und informieren so ihre Anh\u00e4nger \u00fcber das neueste aus ihren Arbeitsgebieten. So auch viele Mitglieder des Europ\u00e4ischen Parlaments.<\/p>\n<p>Im <a href=\"https:\/\/www.epnewshub.eu\">European Parliament&#8217;s Newshub<\/a> kann man auf einem Blick die Mitteilungen der Mitglieder des Eurp\u00e4ischen Parlaments, des Parlamentspr\u00e4sidenten und der Nachrichtensevices des Europ\u00e4ischen Parlaments sehen. Dazu ist eine Filterung nach Sozialen Netzwerken, Medientypen und Ver\u00f6ffentlicher sowie eine Sprach- oder eine tag-Suche m\u00f6glich. Auch die Nachrichten f\u00fcr bestimmte Tage lassen sich einfach anzeigen.<\/p>\n<p>&nbsp;<\/p>\n<p>Noch mehr Informationen zur EU bekommen Sie in unserem <a href=\"https:\/\/www.ub.fu-berlin.de\/bibliothek\/uneu\/\">Dokumentationszentrum&nbsp;UN-EU<\/a>.<\/p>\n<p>&nbsp;<\/p>","protected":false},"excerpt":{"rendered":"<p>Der Betrieb des \u201eDokumentationszentrums UN \u2013 EU\u201c wird eingestellt. Die entsprechende Literatur bleibt im Bestand und ist weiterhin zug\u00e4nglich. Viele Politiker sind mit ihren Teams in Sozialen Netzwerken wie Twitter und Facebook aktiv und informieren so ihre Anh\u00e4nger \u00fcber das neueste aus ihren Arbeitsgebieten. So auch viele Mitglieder des Europ\u00e4ischen Parlaments. Im European Parliament&#8217;s Newshub &hellip; <a href=\"https:\/\/blogs.fu-berlin.de\/bibliotheken\/2016\/02\/25\/mit-dem-ep-news-hub-das-parlament-im-blick\/\" class=\"more-link\"><span class=\"screen-reader-text\">\u201eMit dem EP News Hub das Parlament im Blick\u201c<\/span> weiterlesen<\/a><\/p>\n","protected":false},"author":343,"featured_media":0,"comment_status":"open","ping_status":"open","sticky":false,"template":"","format":"standard","meta":{"footnotes":""},"categories":[604],"tags":[2458,1977,56944],"class_list":["post-19038","post","type-post","status-publish","format-standard","hentry","category-ins-netz-geschaut","tag-dokumentationszentrum-un-eu","tag-europaische-union","tag-europaeisches-parlament"],"_links":{"self":[{"href":"https:\/\/blogs.fu-berlin.de\/bibliotheken\/wp-json\/wp\/v2\/posts\/19038","targetHints":{"allow":["GET"]}}],"collection":[{"href":"https:\/\/blogs.fu-berlin.de\/bibliotheken\/wp-json\/wp\/v2\/posts"}],"about":[{"href":"https:\/\/blogs.fu-berlin.de\/bibliotheken\/wp-json\/wp\/v2\/types\/post"}],"author":[{"embeddable":true,"href":"https:\/\/blogs.fu-berlin.de\/bibliotheken\/wp-json\/wp\/v2\/users\/343"}],"replies":[{"embeddable":true,"href":"https:\/\/blogs.fu-berlin.de\/bibliotheken\/wp-json\/wp\/v2\/comments?post=19038"}],"version-history":[{"count":6,"href":"https:\/\/blogs.fu-berlin.de\/bibliotheken\/wp-json\/wp\/v2\/posts\/19038\/revisions"}],"predecessor-version":[{"id":29727,"href":"https:\/\/blogs.fu-berlin.de\/bibliotheken\/wp-json\/wp\/v2\/posts\/19038\/revisions\/29727"}],"wp:attachment":[{"href":"https:\/\/blogs.fu-berlin.de\/bibliotheken\/wp-json\/wp\/v2\/media?parent=19038"}],"wp:term":[{"taxonomy":"category","embeddable":true,"href":"https:\/\/blogs.fu-berlin.de\/bibliotheken\/wp-json\/wp\/v2\/categories?post=19038"},{"taxonomy":"post_tag","embeddable":true,"href":"https:\/\/blogs.fu-berlin.de\/bibliotheken\/wp-json\/wp\/v2\/tags?post=19038"}],"curies":[{"name":"wp","href":"https:\/\/api.w.org\/{rel}","templated":true}]}}