{"id":19045,"date":"2016-03-03T17:00:59","date_gmt":"2016-03-03T16:00:59","guid":{"rendered":"https:\/\/blogs.fu-berlin.de\/bibliotheken\/?p=19045"},"modified":"2021-09-16T11:12:38","modified_gmt":"2021-09-16T10:12:38","slug":"ihre-stimme-fuer-europa","status":"publish","type":"post","link":"https:\/\/blogs.fu-berlin.de\/bibliotheken\/2016\/03\/03\/ihre-stimme-fuer-europa\/","title":{"rendered":"Ihre Stimme f\u00fcr Europa"},"content":{"rendered":"\n<p><em><span class=\"has-inline-color has-bright-red-color\">Der Betrieb des \u201eDokumentationszentrums UN \u2013 EU\u201c wird eingestellt. Die entsprechende Literatur bleibt im Bestand und ist weiterhin zug\u00e4nglich.<\/span><\/em><\/p>\n\n\n<p>Bei der Entwicklung von neuen politische Ma\u00dfnahmen und Rechtsvorschriften holt sich die Europ\u00e4ische Kommission regelm\u00e4\u00dfig Meinungen von B\u00fcrgern und interessierten Kreisen ein.<\/p>\n<p>Noch bis zum 1. Juli kann man als B\u00fcrger an einer \u00f6ffentlichen Konsultation der Europ\u00e4ischen Kommission zum Vorschlag f\u00fcr ein verbindliches Transparenzregister teilnehmen. Weitere Informationen dazu gibt es auf den <a href=\"https:\/\/ec.europa.eu\/transparency\/civil_society\/public_consultation_de.htm\">entsprechenden Seiten<\/a> der Europ\u00e4ischen Kommission.<\/p>\n<p>Eine \u00dcbersicht \u00fcber laufende Konsultationen ist <a href=\"https:\/\/ec.europa.eu\/yourvoice\/index_de.htm\">hier<\/a> zu finden.<br>\nNoch mehr Informationen zur EU bekommen Sie in unserem <a href=\"https:\/\/www.ub.fu-berlin.de\/bibliothek\/uneu\/\">Dokumentationszentrum&nbsp;UN-EU<\/a>.<\/p>","protected":false},"excerpt":{"rendered":"<p>Der Betrieb des \u201eDokumentationszentrums UN \u2013 EU\u201c wird eingestellt. Die entsprechende Literatur bleibt im Bestand und ist weiterhin zug\u00e4nglich. Bei der Entwicklung von neuen politische Ma\u00dfnahmen und Rechtsvorschriften holt sich die Europ\u00e4ische Kommission regelm\u00e4\u00dfig Meinungen von B\u00fcrgern und interessierten Kreisen ein. Noch bis zum 1. Juli kann man als B\u00fcrger an einer \u00f6ffentlichen Konsultation der &hellip; <a href=\"https:\/\/blogs.fu-berlin.de\/bibliotheken\/2016\/03\/03\/ihre-stimme-fuer-europa\/\" class=\"more-link\"><span class=\"screen-reader-text\">\u201eIhre Stimme f\u00fcr Europa\u201c<\/span> weiterlesen<\/a><\/p>\n","protected":false},"author":343,"featured_media":0,"comment_status":"open","ping_status":"open","sticky":false,"template":"","format":"standard","meta":{"footnotes":""},"categories":[9,604],"tags":[2458,56945,1977],"class_list":["post-19045","post","type-post","status-publish","format-standard","hentry","category-allgemein","category-ins-netz-geschaut","tag-dokumentationszentrum-un-eu","tag-europaeische-kommission","tag-europaische-union"],"_links":{"self":[{"href":"https:\/\/blogs.fu-berlin.de\/bibliotheken\/wp-json\/wp\/v2\/posts\/19045","targetHints":{"allow":["GET"]}}],"collection":[{"href":"https:\/\/blogs.fu-berlin.de\/bibliotheken\/wp-json\/wp\/v2\/posts"}],"about":[{"href":"https:\/\/blogs.fu-berlin.de\/bibliotheken\/wp-json\/wp\/v2\/types\/post"}],"author":[{"embeddable":true,"href":"https:\/\/blogs.fu-berlin.de\/bibliotheken\/wp-json\/wp\/v2\/users\/343"}],"replies":[{"embeddable":true,"href":"https:\/\/blogs.fu-berlin.de\/bibliotheken\/wp-json\/wp\/v2\/comments?post=19045"}],"version-history":[{"count":8,"href":"https:\/\/blogs.fu-berlin.de\/bibliotheken\/wp-json\/wp\/v2\/posts\/19045\/revisions"}],"predecessor-version":[{"id":29525,"href":"https:\/\/blogs.fu-berlin.de\/bibliotheken\/wp-json\/wp\/v2\/posts\/19045\/revisions\/29525"}],"wp:attachment":[{"href":"https:\/\/blogs.fu-berlin.de\/bibliotheken\/wp-json\/wp\/v2\/media?parent=19045"}],"wp:term":[{"taxonomy":"category","embeddable":true,"href":"https:\/\/blogs.fu-berlin.de\/bibliotheken\/wp-json\/wp\/v2\/categories?post=19045"},{"taxonomy":"post_tag","embeddable":true,"href":"https:\/\/blogs.fu-berlin.de\/bibliotheken\/wp-json\/wp\/v2\/tags?post=19045"}],"curies":[{"name":"wp","href":"https:\/\/api.w.org\/{rel}","templated":true}]}}