{"id":19051,"date":"2016-03-06T10:00:49","date_gmt":"2016-03-06T09:00:49","guid":{"rendered":"https:\/\/blogs.fu-berlin.de\/bibliotheken\/?p=19051"},"modified":"2021-09-17T13:00:25","modified_gmt":"2021-09-17T12:00:25","slug":"jetzt-noch-fuer-fotowettbewerb-melden","status":"publish","type":"post","link":"https:\/\/blogs.fu-berlin.de\/bibliotheken\/2016\/03\/06\/jetzt-noch-fuer-fotowettbewerb-melden\/","title":{"rendered":"Jetzt noch f\u00fcr Fotowettbewerb melden"},"content":{"rendered":"\n<p><em><span class=\"has-inline-color has-bright-red-color\">Der Betrieb des \u201eDokumentationszentrums UN \u2013 EU\u201c wird eingestellt. Die entsprechende Literatur bleibt im Bestand und ist weiterhin zug\u00e4nglich.<\/span><\/em><\/p>\n\n\n<p><a href=\"https:\/\/blogs.fu-berlin.de\/bibliotheken\/files\/2016\/03\/logo_de.jpg\"><img loading=\"lazy\" decoding=\"async\" class=\" size-medium wp-image-19052 alignright\" src=\"https:\/\/blogs.fu-berlin.de\/bibliotheken\/files\/2016\/03\/logo_de-300x100.jpg\" alt=\"cedefop_Logo\" width=\"300\" height=\"100\" srcset=\"https:\/\/blogs.fu-berlin.de\/bibliotheken\/files\/2016\/03\/logo_de-300x100.jpg 300w, https:\/\/blogs.fu-berlin.de\/bibliotheken\/files\/2016\/03\/logo_de.jpg 444w\" sizes=\"auto, (max-width: 300px) 85vw, 300px\" \/><\/a>Bis zum 16. M\u00e4rz kann man noch beim Fotowettbewerb #CedefopPhotoAward des Europ\u00e4ische Zentrums f\u00fcr die F\u00f6rderung der Berufsbildung (Cedefop) mitmachen. Thema ist \u2018Youth in education and training\u2019. Es werden Bilder gesucht, die zeigen, wie sich junge Menschen selber in in ihrem Schul- oder Arbeitumfeld sehen. Die Gewinnerfotos werden beim European Youth Event (EYE) im Sitz des Europ\u00e4ischen Parlaments in Stra\u00dfburg am 20. und 21 Mai diesen Jahres ausgestellt.<\/p>\n<p>Die Fotos der Bewerber werden durch diese mit dem Hashtag <a href=\"https:\/\/www.instagram.com\/explore\/tags\/cedefopphotoaward\/\">#CedefopPhotoAward auf Instagram<\/a> gestellt. Es d\u00fcrfen maximal drei Fotos eingereicht werden.<\/p>\n<p>Die genauen Bestimmungen k\u00f6nnen <a href=\"https:\/\/www.cedefop.europa.eu\/de\/news-and-press\/news\/announcing-cedefopphotoaward\">hier<\/a> nachgelesen werden.<\/p>\n<p>Noch mehr Informationen zur EU bekommen Sie in unserem <a href=\"https:\/\/www.fu-berlin.de\/sites\/ub\/ueber-uns\/un-eu\/index.html\">Dokumentationszentrum&nbsp;UN-EU<\/a>.<\/p>","protected":false},"excerpt":{"rendered":"<p>Der Betrieb des \u201eDokumentationszentrums UN \u2013 EU\u201c wird eingestellt. Die entsprechende Literatur bleibt im Bestand und ist weiterhin zug\u00e4nglich. Bis zum 16. M\u00e4rz kann man noch beim Fotowettbewerb #CedefopPhotoAward des Europ\u00e4ische Zentrums f\u00fcr die F\u00f6rderung der Berufsbildung (Cedefop) mitmachen. Thema ist \u2018Youth in education and training\u2019. Es werden Bilder gesucht, die zeigen, wie sich junge &hellip; <a href=\"https:\/\/blogs.fu-berlin.de\/bibliotheken\/2016\/03\/06\/jetzt-noch-fuer-fotowettbewerb-melden\/\" class=\"more-link\"><span class=\"screen-reader-text\">\u201eJetzt noch f\u00fcr Fotowettbewerb melden\u201c<\/span> weiterlesen<\/a><\/p>\n","protected":false},"author":343,"featured_media":0,"comment_status":"open","ping_status":"open","sticky":false,"template":"","format":"standard","meta":{"footnotes":""},"categories":[604],"tags":[2458,1268,1439],"class_list":["post-19051","post","type-post","status-publish","format-standard","hentry","category-ins-netz-geschaut","tag-dokumentationszentrum-un-eu","tag-fotografie","tag-fotowettbewerb"],"_links":{"self":[{"href":"https:\/\/blogs.fu-berlin.de\/bibliotheken\/wp-json\/wp\/v2\/posts\/19051","targetHints":{"allow":["GET"]}}],"collection":[{"href":"https:\/\/blogs.fu-berlin.de\/bibliotheken\/wp-json\/wp\/v2\/posts"}],"about":[{"href":"https:\/\/blogs.fu-berlin.de\/bibliotheken\/wp-json\/wp\/v2\/types\/post"}],"author":[{"embeddable":true,"href":"https:\/\/blogs.fu-berlin.de\/bibliotheken\/wp-json\/wp\/v2\/users\/343"}],"replies":[{"embeddable":true,"href":"https:\/\/blogs.fu-berlin.de\/bibliotheken\/wp-json\/wp\/v2\/comments?post=19051"}],"version-history":[{"count":5,"href":"https:\/\/blogs.fu-berlin.de\/bibliotheken\/wp-json\/wp\/v2\/posts\/19051\/revisions"}],"predecessor-version":[{"id":29725,"href":"https:\/\/blogs.fu-berlin.de\/bibliotheken\/wp-json\/wp\/v2\/posts\/19051\/revisions\/29725"}],"wp:attachment":[{"href":"https:\/\/blogs.fu-berlin.de\/bibliotheken\/wp-json\/wp\/v2\/media?parent=19051"}],"wp:term":[{"taxonomy":"category","embeddable":true,"href":"https:\/\/blogs.fu-berlin.de\/bibliotheken\/wp-json\/wp\/v2\/categories?post=19051"},{"taxonomy":"post_tag","embeddable":true,"href":"https:\/\/blogs.fu-berlin.de\/bibliotheken\/wp-json\/wp\/v2\/tags?post=19051"}],"curies":[{"name":"wp","href":"https:\/\/api.w.org\/{rel}","templated":true}]}}