{"id":19085,"date":"2016-03-10T13:00:31","date_gmt":"2016-03-10T12:00:31","guid":{"rendered":"https:\/\/blogs.fu-berlin.de\/bibliotheken\/?p=19085"},"modified":"2021-09-16T11:12:09","modified_gmt":"2021-09-16T10:12:09","slug":"mittagsgespraech-mehr-verantwortung-in-der-welt-deutschlands-rolle-in-den-vereinten-nationen","status":"publish","type":"post","link":"https:\/\/blogs.fu-berlin.de\/bibliotheken\/2016\/03\/10\/mittagsgespraech-mehr-verantwortung-in-der-welt-deutschlands-rolle-in-den-vereinten-nationen\/","title":{"rendered":"Mittagsgespr\u00e4ch &#8222;Mehr Verantwortung in der Welt? Deutschlands Rolle in den Vereinten Nationen&#8220;"},"content":{"rendered":"\n<p><em><span class=\"has-inline-color has-bright-red-color\">Der Betrieb des \u201eDokumentationszentrums UN \u2013 EU\u201c wird eingestellt. Die entsprechende Literatur bleibt im Bestand und ist weiterhin zug\u00e4nglich.<\/span><\/em><\/p>\n\n\n<p>Die Deutsche Gesellschaft f\u00fcr die Vereinten Nationen e.V. l\u00e4dt am Donnerstag, den 17. M\u00e4rz zu einem <a href=\"https:\/\/www.dgvn.de\/veranstaltungen\/einzelansicht\/?tx_mjseventpro_pi1%5BshowUid%5D=614&amp;cHash=0ca14ce39b58b9fd75d286f4d4d9c49e\">Mittagsimbiss<\/a> in die Vertretung der Freien und Hansestadt Hamburg in Berlin ein. In Kombination dazu wird Thomas Schieb, Leiter der Politischen Abteilung der St\u00e4ndigen Vertretung Deutschlands bei den Vereinten Nationen, zu Deutschlands Rolle in den Vereinten Nationen sprechen und sich der Diskussion stellen.<\/p>\n<p>Ort: Vertretung der Freien und Hansestadt Hamburg in Berlin, J\u00e4gerstr. 1-3, 10117 Berlin<\/p>\n<p>Zeit: 17. M\u00e4rz, 12-14 Uhr, von 12 bis 12.30 Uhr wird ein Mittagsimbiss gereicht.<\/p>\n<p>Um eine vorherige <a href=\"https:\/\/www.dgvn.de\/index.php?id=2009#10880\">Anmeldung<\/a> wird gebeten.<\/p>\n<p>Noch mehr Informationen zur UN bekommen Sie in unserem <a href=\"https:\/\/www.fu-berlin.de\/sites\/ub\/ueber-uns\/un-eu\/index.html\">Dokumentationszentrum&nbsp;UN-EU<\/a>.<\/p>","protected":false},"excerpt":{"rendered":"<p>Der Betrieb des \u201eDokumentationszentrums UN \u2013 EU\u201c wird eingestellt. Die entsprechende Literatur bleibt im Bestand und ist weiterhin zug\u00e4nglich. Die Deutsche Gesellschaft f\u00fcr die Vereinten Nationen e.V. l\u00e4dt am Donnerstag, den 17. M\u00e4rz zu einem Mittagsimbiss in die Vertretung der Freien und Hansestadt Hamburg in Berlin ein. In Kombination dazu wird Thomas Schieb, Leiter der &hellip; <a href=\"https:\/\/blogs.fu-berlin.de\/bibliotheken\/2016\/03\/10\/mittagsgespraech-mehr-verantwortung-in-der-welt-deutschlands-rolle-in-den-vereinten-nationen\/\" class=\"more-link\"><span class=\"screen-reader-text\">\u201eMittagsgespr\u00e4ch &#8222;Mehr Verantwortung in der Welt? Deutschlands Rolle in den Vereinten Nationen&#8220;\u201c<\/span> weiterlesen<\/a><\/p>\n","protected":false},"author":343,"featured_media":0,"comment_status":"open","ping_status":"open","sticky":false,"template":"","format":"standard","meta":{"footnotes":""},"categories":[604,70],"tags":[2458,56894,12086],"class_list":["post-19085","post","type-post","status-publish","format-standard","hentry","category-ins-netz-geschaut","category-veranstaltungen","tag-dokumentationszentrum-un-eu","tag-un","tag-vereinte-nationen"],"_links":{"self":[{"href":"https:\/\/blogs.fu-berlin.de\/bibliotheken\/wp-json\/wp\/v2\/posts\/19085","targetHints":{"allow":["GET"]}}],"collection":[{"href":"https:\/\/blogs.fu-berlin.de\/bibliotheken\/wp-json\/wp\/v2\/posts"}],"about":[{"href":"https:\/\/blogs.fu-berlin.de\/bibliotheken\/wp-json\/wp\/v2\/types\/post"}],"author":[{"embeddable":true,"href":"https:\/\/blogs.fu-berlin.de\/bibliotheken\/wp-json\/wp\/v2\/users\/343"}],"replies":[{"embeddable":true,"href":"https:\/\/blogs.fu-berlin.de\/bibliotheken\/wp-json\/wp\/v2\/comments?post=19085"}],"version-history":[{"count":5,"href":"https:\/\/blogs.fu-berlin.de\/bibliotheken\/wp-json\/wp\/v2\/posts\/19085\/revisions"}],"predecessor-version":[{"id":29523,"href":"https:\/\/blogs.fu-berlin.de\/bibliotheken\/wp-json\/wp\/v2\/posts\/19085\/revisions\/29523"}],"wp:attachment":[{"href":"https:\/\/blogs.fu-berlin.de\/bibliotheken\/wp-json\/wp\/v2\/media?parent=19085"}],"wp:term":[{"taxonomy":"category","embeddable":true,"href":"https:\/\/blogs.fu-berlin.de\/bibliotheken\/wp-json\/wp\/v2\/categories?post=19085"},{"taxonomy":"post_tag","embeddable":true,"href":"https:\/\/blogs.fu-berlin.de\/bibliotheken\/wp-json\/wp\/v2\/tags?post=19085"}],"curies":[{"name":"wp","href":"https:\/\/api.w.org\/{rel}","templated":true}]}}