{"id":19105,"date":"2016-03-31T12:00:02","date_gmt":"2016-03-31T11:00:02","guid":{"rendered":"https:\/\/blogs.fu-berlin.de\/bibliotheken\/?p=19105"},"modified":"2021-09-16T11:10:55","modified_gmt":"2021-09-16T10:10:55","slug":"themenwoche-bei-der-friedrich-ebert-stiftung","status":"publish","type":"post","link":"https:\/\/blogs.fu-berlin.de\/bibliotheken\/2016\/03\/31\/themenwoche-bei-der-friedrich-ebert-stiftung\/","title":{"rendered":"Themenwoche bei der Friedrich-Ebert-Stiftung"},"content":{"rendered":"\n<p><em><span class=\"has-inline-color has-bright-red-color\">Der Betrieb des \u201eDokumentationszentrums UN \u2013 EU\u201c wird eingestellt. Die entsprechende Literatur bleibt im Bestand und ist weiterhin zug\u00e4nglich.<\/span><\/em><\/p>\n\n\n<p><a href=\"https:\/\/blogs.fu-berlin.de\/bibliotheken\/files\/2016\/03\/logo_fes_1.jpg\"><img loading=\"lazy\" decoding=\"async\" class=\" size-full wp-image-19107 alignright\" src=\"https:\/\/blogs.fu-berlin.de\/bibliotheken\/files\/2016\/03\/logo_fes_1.jpg\" alt=\"logo_fes_1\" width=\"171\" height=\"92\"><\/a>Die Friedrich-Ebert-Stiftung stellt in diesem Jahr ihre internationale Themenwoche &#8222;Zeit f\u00fcr Gerechtigkeit&#8220; unter das Motto &#8222;Menschen in Bewegung&#8220;. Anlass daf\u00fcr ist das, was inzwischen fast jedem Menschen in Deutschland in irgendeiner Form begegnet ist: Flucht und Migration.<\/p>\n<p>Zu diesem Thema wird es zahlreiche Veranstaltungen vom 25. bis zum 28. April geben. Welche Veranstaltungen genau und wo diese stattfinden, kann <a href=\"https:\/\/www.fes.de\/gerechtigkeitswoche\/\">dieser Seite<\/a> entnommen werden.<\/p>\n<p>Noch mehr Informationen zur EU bekommen Sie in unserem <a href=\"https:\/\/www.fu-berlin.de\/sites\/ub\/ueber-uns\/un-eu\/index.html\">Dokumentationszentrum&nbsp;UN-EU<\/a>.<\/p>","protected":false},"excerpt":{"rendered":"<p>Der Betrieb des \u201eDokumentationszentrums UN \u2013 EU\u201c wird eingestellt. Die entsprechende Literatur bleibt im Bestand und ist weiterhin zug\u00e4nglich. Die Friedrich-Ebert-Stiftung stellt in diesem Jahr ihre internationale Themenwoche &#8222;Zeit f\u00fcr Gerechtigkeit&#8220; unter das Motto &#8222;Menschen in Bewegung&#8220;. Anlass daf\u00fcr ist das, was inzwischen fast jedem Menschen in Deutschland in irgendeiner Form begegnet ist: Flucht und &hellip; <a href=\"https:\/\/blogs.fu-berlin.de\/bibliotheken\/2016\/03\/31\/themenwoche-bei-der-friedrich-ebert-stiftung\/\" class=\"more-link\"><span class=\"screen-reader-text\">\u201eThemenwoche bei der Friedrich-Ebert-Stiftung\u201c<\/span> weiterlesen<\/a><\/p>\n","protected":false},"author":343,"featured_media":0,"comment_status":"open","ping_status":"open","sticky":false,"template":"","format":"standard","meta":{"footnotes":""},"categories":[604,70],"tags":[2458,56903,2924,2102],"class_list":["post-19105","post","type-post","status-publish","format-standard","hentry","category-ins-netz-geschaut","category-veranstaltungen","tag-dokumentationszentrum-un-eu","tag-fluechtlinge","tag-friedrich-ebert-stiftung","tag-veranstaltung"],"_links":{"self":[{"href":"https:\/\/blogs.fu-berlin.de\/bibliotheken\/wp-json\/wp\/v2\/posts\/19105","targetHints":{"allow":["GET"]}}],"collection":[{"href":"https:\/\/blogs.fu-berlin.de\/bibliotheken\/wp-json\/wp\/v2\/posts"}],"about":[{"href":"https:\/\/blogs.fu-berlin.de\/bibliotheken\/wp-json\/wp\/v2\/types\/post"}],"author":[{"embeddable":true,"href":"https:\/\/blogs.fu-berlin.de\/bibliotheken\/wp-json\/wp\/v2\/users\/343"}],"replies":[{"embeddable":true,"href":"https:\/\/blogs.fu-berlin.de\/bibliotheken\/wp-json\/wp\/v2\/comments?post=19105"}],"version-history":[{"count":5,"href":"https:\/\/blogs.fu-berlin.de\/bibliotheken\/wp-json\/wp\/v2\/posts\/19105\/revisions"}],"predecessor-version":[{"id":29517,"href":"https:\/\/blogs.fu-berlin.de\/bibliotheken\/wp-json\/wp\/v2\/posts\/19105\/revisions\/29517"}],"wp:attachment":[{"href":"https:\/\/blogs.fu-berlin.de\/bibliotheken\/wp-json\/wp\/v2\/media?parent=19105"}],"wp:term":[{"taxonomy":"category","embeddable":true,"href":"https:\/\/blogs.fu-berlin.de\/bibliotheken\/wp-json\/wp\/v2\/categories?post=19105"},{"taxonomy":"post_tag","embeddable":true,"href":"https:\/\/blogs.fu-berlin.de\/bibliotheken\/wp-json\/wp\/v2\/tags?post=19105"}],"curies":[{"name":"wp","href":"https:\/\/api.w.org\/{rel}","templated":true}]}}