{"id":19118,"date":"2016-03-31T09:20:55","date_gmt":"2016-03-31T08:20:55","guid":{"rendered":"https:\/\/blogs.fu-berlin.de\/bibliotheken\/?p=19118"},"modified":"2016-03-31T09:40:46","modified_gmt":"2016-03-31T08:40:46","slug":"wird-die-zb-med-abgewickelt","status":"publish","type":"post","link":"https:\/\/blogs.fu-berlin.de\/bibliotheken\/2016\/03\/31\/wird-die-zb-med-abgewickelt\/","title":{"rendered":"Wird die ZB MED abgewickelt?"},"content":{"rendered":"<p><img loading=\"lazy\" decoding=\"async\" src=\"https:\/\/www.zbmed.de\/typo3conf\/ext\/dreipc_zbmed\/Resources\/Public\/Image\/ZB-MED-logo_de.svg\" width=\"171\" height=\"82\" alt=\"Logo ZB Med\" class=\"alignright\" \/><\/a>Die <a href=\"https:\/\/www.zbmed.de\">ZB MED \u2013 Leibniz-Informationszentrum Lebenswissenschaften<\/a> mit Sitz in K\u00f6ln ist das Servicezentrum f\u00fcr Fachinformationen und Forschungsunterst\u00fctzung in den Lebenswissenschaften. Im Fokus des F\u00e4cherspektrums stehen Medizin, Gesundheitswesen, Ern\u00e4hrungs-, Umwelt- und Agrarwissenschaften. <\/p>\n<p>Vor wenigen Tagen hat der Senat der Leibniz-Gemeinschaft Bund und L\u00e4ndern empfohlen, die ZB MED nicht mehr weiter zu f\u00f6rdern. Die Begr\u00fcndung kann in der <a href=\"https:\/\/www.leibniz-gemeinschaft.de\/medien\/presse\/pressemitteilungen\/details\/article\/leibniz_einrichtungen_in_dresden_koelnbonn_grossbeerenerfurt_und_kuehlungsborn_evaluiert_100002394\/\" target=\"_blank\">Pressemitteilung<\/a> nachgelesen werden.<\/p>\n<p>Wie und ob es mit der Bibliothek und deren Services weitergehen soll, ist zurzeit noch unklar. Zumindest regt sich Widerstand &#8211; wir weisen in diesem Zusammenhang auf die <a href=\"https:\/\/www.change.org\/p\/keepzbmed?recruiter=48671236&amp;utm_source=share_for_starters&amp;utm_medium=copyLink\" target=\"_blank\">Petition von Rudolf Mumenthaler<\/a> hin, die bereits \u00fcber 3.000 Unterst\u00fctzer gefunden hat.<\/p>\n<p>Es ist zumindest nicht so, dass sich bei der ZB MED nichts getan h\u00e4tte &#8230; seit November ist die Bibliothek beispielsweise mit dem \u00e4u\u00dferst n\u00fctzlichen Fachportal <a href=\"https:\/\/www.livivo.de\/\" target=\"_blank\">LIVIVO<\/a> online (s. auch <a href=\"https:\/\/www.livivo.de\/app\/misc\/help\/about\" target=\"_blank\">About LIVIVO<\/a>). <\/p>\n","protected":false},"excerpt":{"rendered":"<p>Die ZB MED \u2013 Leibniz-Informationszentrum Lebenswissenschaften mit Sitz in K\u00f6ln ist das Servicezentrum f\u00fcr Fachinformationen und Forschungsunterst\u00fctzung in den Lebenswissenschaften. Im Fokus des F\u00e4cherspektrums stehen Medizin, Gesundheitswesen, Ern\u00e4hrungs-, Umwelt- und Agrarwissenschaften. Vor wenigen Tagen hat der Senat der Leibniz-Gemeinschaft Bund und L\u00e4ndern empfohlen, die ZB MED nicht mehr weiter zu f\u00f6rdern. Die Begr\u00fcndung kann in &hellip; <a href=\"https:\/\/blogs.fu-berlin.de\/bibliotheken\/2016\/03\/31\/wird-die-zb-med-abgewickelt\/\" class=\"more-link\"><span class=\"screen-reader-text\">\u201eWird die ZB MED abgewickelt?\u201c<\/span> weiterlesen<\/a><\/p>\n","protected":false},"author":265,"featured_media":0,"comment_status":"open","ping_status":"open","sticky":false,"template":"","format":"standard","meta":{"footnotes":""},"categories":[599],"tags":[57444,57445],"class_list":["post-19118","post","type-post","status-publish","format-standard","hentry","category-bibliothekswesen","tag-zb-med","tag-zentralbibliothek-medizin"],"_links":{"self":[{"href":"https:\/\/blogs.fu-berlin.de\/bibliotheken\/wp-json\/wp\/v2\/posts\/19118","targetHints":{"allow":["GET"]}}],"collection":[{"href":"https:\/\/blogs.fu-berlin.de\/bibliotheken\/wp-json\/wp\/v2\/posts"}],"about":[{"href":"https:\/\/blogs.fu-berlin.de\/bibliotheken\/wp-json\/wp\/v2\/types\/post"}],"author":[{"embeddable":true,"href":"https:\/\/blogs.fu-berlin.de\/bibliotheken\/wp-json\/wp\/v2\/users\/265"}],"replies":[{"embeddable":true,"href":"https:\/\/blogs.fu-berlin.de\/bibliotheken\/wp-json\/wp\/v2\/comments?post=19118"}],"version-history":[{"count":8,"href":"https:\/\/blogs.fu-berlin.de\/bibliotheken\/wp-json\/wp\/v2\/posts\/19118\/revisions"}],"predecessor-version":[{"id":19126,"href":"https:\/\/blogs.fu-berlin.de\/bibliotheken\/wp-json\/wp\/v2\/posts\/19118\/revisions\/19126"}],"wp:attachment":[{"href":"https:\/\/blogs.fu-berlin.de\/bibliotheken\/wp-json\/wp\/v2\/media?parent=19118"}],"wp:term":[{"taxonomy":"category","embeddable":true,"href":"https:\/\/blogs.fu-berlin.de\/bibliotheken\/wp-json\/wp\/v2\/categories?post=19118"},{"taxonomy":"post_tag","embeddable":true,"href":"https:\/\/blogs.fu-berlin.de\/bibliotheken\/wp-json\/wp\/v2\/tags?post=19118"}],"curies":[{"name":"wp","href":"https:\/\/api.w.org\/{rel}","templated":true}]}}