{"id":19156,"date":"2016-04-14T14:22:40","date_gmt":"2016-04-14T13:22:40","guid":{"rendered":"https:\/\/blogs.fu-berlin.de\/bibliotheken\/?p=19156"},"modified":"2021-09-16T11:09:11","modified_gmt":"2021-09-16T10:09:11","slug":"wir-sind-uno-buchvorstellung-und-podiumsgespraech","status":"publish","type":"post","link":"https:\/\/blogs.fu-berlin.de\/bibliotheken\/2016\/04\/14\/wir-sind-uno-buchvorstellung-und-podiumsgespraech\/","title":{"rendered":"\u201eWir sind UNO\u201c &#8211; Buchvorstellung und Podiumsgespr\u00e4ch"},"content":{"rendered":"\n<p><em><span class=\"has-inline-color has-bright-red-color\">Der Betrieb des \u201eDokumentationszentrums UN \u2013 EU\u201c wird eingestellt. Die entsprechende Literatur bleibt im Bestand und ist weiterhin zug\u00e4nglich.<\/span><\/em><\/p>\n\n\n<h6>Dieser Beitrag wurde von unserem Auszubildenden Herrn Dominik Borries verfasst.<\/h6>\n<p>Was kann die UN eigentlich leisten um Frieden, Sicherheit und Entwicklung in der Welt zu gew\u00e4hrleisten? In Zeiten von Fl\u00fcchtlingsstr\u00f6men und Kriegen im Nahen Osten ist diese Frage wieder aktueller denn je. Allerdings wird der Blick der \u00d6ffentlichkeit nur auf die Mitgliedsstaaten und den Generalsekret\u00e4r der UN gelenkt um diese Frage zu beantworten. Die mehr als 50.000 Mitarbeiter der UN, die in ihrem praktischen Handeln umsetzen, was auf internationaler politischer Ebene vereinbart wurde, geraten in Vergessenheit. Wer sind die Menschen, die sich t\u00e4glich im UN-Sekretariat, in den Sonderorganisationen des UN-Systems und in weltweiten Feldmissionen f\u00fcr die Ziele der UN engagieren? Was macht ihre Arbeit aus, welchen Herausforderungen stellen sie sich?<\/p>\n<p>Am 19. April 2016 um <strong>18:30<\/strong> l\u00e4dt die <a href=\"https:\/\/www.dgvn.de\">Deutsche Gesellschaft f\u00fcr die Vereinten Nationen e.V. <\/a>&nbsp; zur Vorstellung des k\u00fcrzlich erschienenen Buches \u201eWir sind UNO \u2013 Deutsche bei den Vereinten Nationen\u201c in den <strong>Einstein-Saal der Berlin-Brandenburgischen Akademie der Wissenschaften <\/strong>(J\u00e4gerstra\u00dfe 22\/23, 10117 Berlin) ein.<\/p>\n<p><a href=\"https:\/\/blogs.fu-berlin.de\/bibliotheken\/files\/2016\/04\/csm_wir-sind-uno_31041cd9b7.jpg\"><img loading=\"lazy\" decoding=\"async\" class=\"alignleft size-medium wp-image-19157\" src=\"https:\/\/blogs.fu-berlin.de\/bibliotheken\/files\/2016\/04\/csm_wir-sind-uno_31041cd9b7-212x300.jpg\" alt=\"31138_Griep_UNO.indd\" width=\"212\" height=\"300\" srcset=\"https:\/\/blogs.fu-berlin.de\/bibliotheken\/files\/2016\/04\/csm_wir-sind-uno_31041cd9b7-212x300.jpg 212w, https:\/\/blogs.fu-berlin.de\/bibliotheken\/files\/2016\/04\/csm_wir-sind-uno_31041cd9b7.jpg 453w\" sizes=\"auto, (max-width: 212px) 85vw, 212px\" \/><\/a>Im Rahmen der Buchvorstellung werden deutsche UN-Experten \u00fcber pers\u00f6nliche Erfahrungen und Einsichten mit und aus den Vereinten Nationen diskutieren.<\/p>\n<p>Als Referentinnen und Referenten sind eingeladen:<\/p>\n<p>Dr. h.c. Angela Kane, Untergeneralsekret\u00e4rin a.D., bis 2015 Hohe Beauftragte der Vereinten Nationen f\u00fcr Abr\u00fcstungsfragen<\/p>\n<p>Sofia Wartmann, UN-Mitarbeiterin von 2006 bis 2013, zuletzt als <em>Special Assistant <\/em>\/ <em>Political Affairs Officer&nbsp;<\/em><\/p>\n<p>Dr. Ekkehard Griep, Herausgeber des Buchs \u201eWir sind UNO\u201c, stellvertretender DGVN-Vorsitzender<\/p>\n<p>&nbsp;<\/p>\n<p>Um Anmeldung wird gebeten, die <a href=\"https:\/\/https:\/\/www.dgvn.de\/index.php?id=2186\">hier<\/a> erfolgt.<\/p>\n<p>&nbsp;<\/p>\n<p>Weitere Informationen zur UN bekommen Sie in unserem <a href=\"https:\/\/www.fu-berlin.de\/sites\/ub\/ueber-uns\/un-eu\/index.html\">Dokumentationszentrum&nbsp;UN-EU<\/a>.<\/p>","protected":false},"excerpt":{"rendered":"<p>Der Betrieb des \u201eDokumentationszentrums UN \u2013 EU\u201c wird eingestellt. Die entsprechende Literatur bleibt im Bestand und ist weiterhin zug\u00e4nglich. Dieser Beitrag wurde von unserem Auszubildenden Herrn Dominik Borries verfasst. Was kann die UN eigentlich leisten um Frieden, Sicherheit und Entwicklung in der Welt zu gew\u00e4hrleisten? In Zeiten von Fl\u00fcchtlingsstr\u00f6men und Kriegen im Nahen Osten ist &hellip; <a href=\"https:\/\/blogs.fu-berlin.de\/bibliotheken\/2016\/04\/14\/wir-sind-uno-buchvorstellung-und-podiumsgespraech\/\" class=\"more-link\"><span class=\"screen-reader-text\">\u201e\u201eWir sind UNO\u201c &#8211; Buchvorstellung und Podiumsgespr\u00e4ch\u201c<\/span> weiterlesen<\/a><\/p>\n","protected":false},"author":877,"featured_media":0,"comment_status":"open","ping_status":"open","sticky":false,"template":"","format":"standard","meta":{"footnotes":""},"categories":[9,70],"tags":[2458,12086],"class_list":["post-19156","post","type-post","status-publish","format-standard","hentry","category-allgemein","category-veranstaltungen","tag-dokumentationszentrum-un-eu","tag-vereinte-nationen"],"_links":{"self":[{"href":"https:\/\/blogs.fu-berlin.de\/bibliotheken\/wp-json\/wp\/v2\/posts\/19156","targetHints":{"allow":["GET"]}}],"collection":[{"href":"https:\/\/blogs.fu-berlin.de\/bibliotheken\/wp-json\/wp\/v2\/posts"}],"about":[{"href":"https:\/\/blogs.fu-berlin.de\/bibliotheken\/wp-json\/wp\/v2\/types\/post"}],"author":[{"embeddable":true,"href":"https:\/\/blogs.fu-berlin.de\/bibliotheken\/wp-json\/wp\/v2\/users\/877"}],"replies":[{"embeddable":true,"href":"https:\/\/blogs.fu-berlin.de\/bibliotheken\/wp-json\/wp\/v2\/comments?post=19156"}],"version-history":[{"count":10,"href":"https:\/\/blogs.fu-berlin.de\/bibliotheken\/wp-json\/wp\/v2\/posts\/19156\/revisions"}],"predecessor-version":[{"id":29513,"href":"https:\/\/blogs.fu-berlin.de\/bibliotheken\/wp-json\/wp\/v2\/posts\/19156\/revisions\/29513"}],"wp:attachment":[{"href":"https:\/\/blogs.fu-berlin.de\/bibliotheken\/wp-json\/wp\/v2\/media?parent=19156"}],"wp:term":[{"taxonomy":"category","embeddable":true,"href":"https:\/\/blogs.fu-berlin.de\/bibliotheken\/wp-json\/wp\/v2\/categories?post=19156"},{"taxonomy":"post_tag","embeddable":true,"href":"https:\/\/blogs.fu-berlin.de\/bibliotheken\/wp-json\/wp\/v2\/tags?post=19156"}],"curies":[{"name":"wp","href":"https:\/\/api.w.org\/{rel}","templated":true}]}}