{"id":19208,"date":"2016-04-23T10:00:45","date_gmt":"2016-04-23T09:00:45","guid":{"rendered":"https:\/\/blogs.fu-berlin.de\/bibliotheken\/?p=19208"},"modified":"2021-09-16T11:08:52","modified_gmt":"2021-09-16T10:08:52","slug":"unesco-welttag-des-buches-und-des-urheberrechts","status":"publish","type":"post","link":"https:\/\/blogs.fu-berlin.de\/bibliotheken\/2016\/04\/23\/unesco-welttag-des-buches-und-des-urheberrechts\/","title":{"rendered":"UNESCO-Welttag des Buches und des Urheberrechts"},"content":{"rendered":"\n<p><em><span class=\"has-inline-color has-bright-red-color\">Der Betrieb des \u201eDokumentationszentrums UN \u2013 EU\u201c wird eingestellt. Die entsprechende Literatur bleibt im Bestand und ist weiterhin zug\u00e4nglich.<\/span><\/em><\/p>\n\n\n<p>Am heutigen 23. April wird mit einem gro\u00dfen Lesefest der Welttag des Buches und des Urheberrechts begangen. Dieser wurde 1995 von der 28. Generalkonferenz der UNESCO ausgerufen.<\/p>\n<p>Seit 1996 wird er auch in Deutschland begangen. Er ist ein Anlass f\u00fcr viele Medien, \u00fcber B\u00fccher und das Lesen zu berichten, ohne die Frankfurter Buchmesse als Anlass zu nehmen. Unterst\u00fctzt wird dieser Tag vom B\u00f6rsenverein des Deutschen Buchhandels und der Stiftung Lesen. Tausende Buchhandlungen, Schulen, Verlage und auch Bibliotheken beteiligen sich mit Veranstaltungen wie zum Beispiel Lesungen, Schreibwettbewerben und Diskussionsrunden.<\/p>\n<p>Noch mehr Informationen zur UN bekommen Sie in unserem <a href=\"https:\/\/www.fu-berlin.de\/sites\/ub\/ueber-uns\/un-eu\/index.html\">Dokumentationszentrum&nbsp;UN-EU<\/a>.<\/p>","protected":false},"excerpt":{"rendered":"<p>Der Betrieb des \u201eDokumentationszentrums UN \u2013 EU\u201c wird eingestellt. Die entsprechende Literatur bleibt im Bestand und ist weiterhin zug\u00e4nglich. Am heutigen 23. April wird mit einem gro\u00dfen Lesefest der Welttag des Buches und des Urheberrechts begangen. Dieser wurde 1995 von der 28. Generalkonferenz der UNESCO ausgerufen. Seit 1996 wird er auch in Deutschland begangen. Er &hellip; <a href=\"https:\/\/blogs.fu-berlin.de\/bibliotheken\/2016\/04\/23\/unesco-welttag-des-buches-und-des-urheberrechts\/\" class=\"more-link\"><span class=\"screen-reader-text\">\u201eUNESCO-Welttag des Buches und des Urheberrechts\u201c<\/span> weiterlesen<\/a><\/p>\n","protected":false},"author":343,"featured_media":0,"comment_status":"open","ping_status":"open","sticky":false,"template":"","format":"standard","meta":{"footnotes":""},"categories":[9],"tags":[2458,970,57451],"class_list":["post-19208","post","type-post","status-publish","format-standard","hentry","category-allgemein","tag-dokumentationszentrum-un-eu","tag-unesco","tag-welttag-des-buches-2016"],"_links":{"self":[{"href":"https:\/\/blogs.fu-berlin.de\/bibliotheken\/wp-json\/wp\/v2\/posts\/19208","targetHints":{"allow":["GET"]}}],"collection":[{"href":"https:\/\/blogs.fu-berlin.de\/bibliotheken\/wp-json\/wp\/v2\/posts"}],"about":[{"href":"https:\/\/blogs.fu-berlin.de\/bibliotheken\/wp-json\/wp\/v2\/types\/post"}],"author":[{"embeddable":true,"href":"https:\/\/blogs.fu-berlin.de\/bibliotheken\/wp-json\/wp\/v2\/users\/343"}],"replies":[{"embeddable":true,"href":"https:\/\/blogs.fu-berlin.de\/bibliotheken\/wp-json\/wp\/v2\/comments?post=19208"}],"version-history":[{"count":6,"href":"https:\/\/blogs.fu-berlin.de\/bibliotheken\/wp-json\/wp\/v2\/posts\/19208\/revisions"}],"predecessor-version":[{"id":29511,"href":"https:\/\/blogs.fu-berlin.de\/bibliotheken\/wp-json\/wp\/v2\/posts\/19208\/revisions\/29511"}],"wp:attachment":[{"href":"https:\/\/blogs.fu-berlin.de\/bibliotheken\/wp-json\/wp\/v2\/media?parent=19208"}],"wp:term":[{"taxonomy":"category","embeddable":true,"href":"https:\/\/blogs.fu-berlin.de\/bibliotheken\/wp-json\/wp\/v2\/categories?post=19208"},{"taxonomy":"post_tag","embeddable":true,"href":"https:\/\/blogs.fu-berlin.de\/bibliotheken\/wp-json\/wp\/v2\/tags?post=19208"}],"curies":[{"name":"wp","href":"https:\/\/api.w.org\/{rel}","templated":true}]}}