{"id":19219,"date":"2016-04-25T10:00:09","date_gmt":"2016-04-25T09:00:09","guid":{"rendered":"https:\/\/blogs.fu-berlin.de\/bibliotheken\/?p=19219"},"modified":"2021-09-17T13:00:08","modified_gmt":"2021-09-17T12:00:08","slug":"gastvortrag-des-portugiesischen-aussenministers-augusto-santos-silva","status":"publish","type":"post","link":"https:\/\/blogs.fu-berlin.de\/bibliotheken\/2016\/04\/25\/gastvortrag-des-portugiesischen-aussenministers-augusto-santos-silva\/","title":{"rendered":"Gastvortrag des portugiesischen Au\u00dfenministers Augusto Santos Silva"},"content":{"rendered":"\n<p><em><span class=\"has-inline-color has-bright-red-color\">Der Betrieb des \u201eDokumentationszentrums UN \u2013 EU\u201c wird eingestellt. Die entsprechende Literatur bleibt im Bestand und ist weiterhin zug\u00e4nglich.<\/span><\/em><\/p>\n\n\n<p>Der portugiesische Au\u00dfenminister&nbsp;Augusto Santos Silva h\u00e4lt am kommenden Mittwoch an der Freien Universit\u00e4t einen <a href=\"https:\/\/www.facebook.com\/events\/593437437487828\/\">Gastvortrag<\/a> mit dem Thema <span class=\"_4n-j fsl\">&#8222;Europe &#8211; From Culture to Economy&#8220;<\/span>.<\/p>\n<p>Wann: 27.4.2016 18 Uhr<\/p>\n<p>Wo: Senatssaal im Henry-Ford-Bau, Garystra\u00dfe 35, Berlin-Dahlem<\/p>\n<p>Es handelt sich dabei um eine <span class=\"_4n-j fsl\">Veranstaltung des <a href=\"https:\/\/www.geisteswissenschaften.fu-berlin.de\/we05\/index.html\">Instituts f\u00fcr Romanische Philologie der Freien Universit\u00e4t Berlin<\/a>. <\/span><\/p>\n<p>Weitere Informationen zur EU bekommen Sie in unserem <a href=\"https:\/\/www.fu-berlin.de\/sites\/ub\/ueber-uns\/un-eu\/index.html\">Dokumentationszentrum&nbsp;UN-EU<\/a>.<\/p>","protected":false},"excerpt":{"rendered":"<p>Der Betrieb des \u201eDokumentationszentrums UN \u2013 EU\u201c wird eingestellt. Die entsprechende Literatur bleibt im Bestand und ist weiterhin zug\u00e4nglich. Der portugiesische Au\u00dfenminister&nbsp;Augusto Santos Silva h\u00e4lt am kommenden Mittwoch an der Freien Universit\u00e4t einen Gastvortrag mit dem Thema &#8222;Europe &#8211; From Culture to Economy&#8220;. Wann: 27.4.2016 18 Uhr Wo: Senatssaal im Henry-Ford-Bau, Garystra\u00dfe 35, Berlin-Dahlem Es &hellip; <a href=\"https:\/\/blogs.fu-berlin.de\/bibliotheken\/2016\/04\/25\/gastvortrag-des-portugiesischen-aussenministers-augusto-santos-silva\/\" class=\"more-link\"><span class=\"screen-reader-text\">\u201eGastvortrag des portugiesischen Au\u00dfenministers Augusto Santos Silva\u201c<\/span> weiterlesen<\/a><\/p>\n","protected":false},"author":343,"featured_media":0,"comment_status":"open","ping_status":"open","sticky":false,"template":"","format":"standard","meta":{"footnotes":""},"categories":[70],"tags":[2458,935,12055],"class_list":["post-19219","post","type-post","status-publish","format-standard","hentry","category-veranstaltungen","tag-dokumentationszentrum-un-eu","tag-europa","tag-portugal"],"_links":{"self":[{"href":"https:\/\/blogs.fu-berlin.de\/bibliotheken\/wp-json\/wp\/v2\/posts\/19219","targetHints":{"allow":["GET"]}}],"collection":[{"href":"https:\/\/blogs.fu-berlin.de\/bibliotheken\/wp-json\/wp\/v2\/posts"}],"about":[{"href":"https:\/\/blogs.fu-berlin.de\/bibliotheken\/wp-json\/wp\/v2\/types\/post"}],"author":[{"embeddable":true,"href":"https:\/\/blogs.fu-berlin.de\/bibliotheken\/wp-json\/wp\/v2\/users\/343"}],"replies":[{"embeddable":true,"href":"https:\/\/blogs.fu-berlin.de\/bibliotheken\/wp-json\/wp\/v2\/comments?post=19219"}],"version-history":[{"count":3,"href":"https:\/\/blogs.fu-berlin.de\/bibliotheken\/wp-json\/wp\/v2\/posts\/19219\/revisions"}],"predecessor-version":[{"id":29723,"href":"https:\/\/blogs.fu-berlin.de\/bibliotheken\/wp-json\/wp\/v2\/posts\/19219\/revisions\/29723"}],"wp:attachment":[{"href":"https:\/\/blogs.fu-berlin.de\/bibliotheken\/wp-json\/wp\/v2\/media?parent=19219"}],"wp:term":[{"taxonomy":"category","embeddable":true,"href":"https:\/\/blogs.fu-berlin.de\/bibliotheken\/wp-json\/wp\/v2\/categories?post=19219"},{"taxonomy":"post_tag","embeddable":true,"href":"https:\/\/blogs.fu-berlin.de\/bibliotheken\/wp-json\/wp\/v2\/tags?post=19219"}],"curies":[{"name":"wp","href":"https:\/\/api.w.org\/{rel}","templated":true}]}}